{"id":73137,"date":"2018-11-16T07:38:06","date_gmt":"2018-11-16T10:38:06","guid":{"rendered":"http:\/\/www.caririemacao.com\/1\/?p=73137"},"modified":"2018-11-16T07:38:06","modified_gmt":"2018-11-16T10:38:06","slug":"feriado-na-cidade-de-monteiro-tem-copa-dr-chico-de-futebol-com-rodada-e-varios-gols","status":"publish","type":"post","link":"https:\/\/www.caririemacao.com\/1\/2018\/11\/16\/feriado-na-cidade-de-monteiro-tem-copa-dr-chico-de-futebol-com-rodada-e-varios-gols\/","title":{"rendered":"Feriado na cidade de Monteiro tem Copa Dr. Chico de Futebol com rodada e v\u00e1rios gols"},"content":{"rendered":"<p><img fetchpriority=\"high\" decoding=\"async\" class=\"size-medium wp-image-27376 alignleft\" src=\"http:\/\/www.vitrinedocariri.com.br\/wp-content\/uploads\/2018\/11\/Feriado-em-Monteiro-tem-Copa-Dr.-Chico-de-Futebol-com-v%C3%A1rios-gols-300x180.jpeg\" alt=\"\" width=\"300\" height=\"180\" \/>A Copa Dr. Chico de futebol amador, popularmente conhecido por \u201cRuralz\u00e3o\u201d teve uma partida realizada nesta quinta-feira, 15, aproveitando o feriado nacional, no est\u00e1dio O Feitos\u00e3o.<\/p>\n<p>Na partida, o Angiquinho venceu a Lagoa pelo placar de 4 a 2, mantendo a excelente m\u00e9dia de 06 gols por jogo na competi\u00e7\u00e3o, registrada nos \u00faltimos confrontos das oitavas de finais.<\/p>\n<p>Agora j\u00e1 s\u00e3o cinco o numero de classificados para a fase de quartas de finais, restando apenas mais tr\u00eas vagas para a pr\u00f3xima etapa, vagas que ser\u00e3o todas definidas no pr\u00f3ximo domingo (18).<\/p>\n<p>Para este domingo, pela manh\u00e3, as 8:15, Cupiras e Aroeiras se enfrentam e no hor\u00e1rio da tarde haver\u00e1 mais duas partidas. \u00c0s 14:00 Serra do Moco x Mulungu decidem uma das vagas e \u00e0s 16 horas as equipes do S\u00edtio do Meio (atual campe\u00e3o da competi\u00e7\u00e3o) e Atl\u00e9tico Monteirense medem for\u00e7as para continuar na luta pelo t\u00edtulo.<\/p>\n<p>A Copa Dr. Chico de Futebol Amador \u00e9 uma realiza\u00e7\u00e3o da Prefeitura de Monteiro, atrav\u00e9s da Secretaria de Esportes, em parceria com o Armaz\u00e9m Para\u00edba.<\/p>\n","protected":false},"excerpt":{"rendered":"<p>A Copa Dr. Chico de futebol amador, popularmente conhecido por \u201cRuralz\u00e3o\u201d teve uma partida realizada nesta quinta-feira, 15, aproveitando o feriado nacional, no est\u00e1dio O&hellip; <\/p>\n","protected":false},"author":1,"featured_media":69495,"comment_status":"closed","ping_status":"closed","sticky":false,"template":"","format":"standard","meta":{"sfsi_plus_gutenberg_text_before_share":"","sfsi_plus_gutenberg_show_text_before_share":"","sfsi_plus_gutenberg_icon_type":"","sfsi_plus_gutenberg_icon_alignemt":"","sfsi_plus_gutenburg_max_per_row":"","footnotes":""},"categories":[13],"tags":[],"class_list":["post-73137","post","type-post","status-publish","format-standard","has-post-thumbnail","hentry","category-esportes"],"_links":{"self":[{"href":"https:\/\/www.caririemacao.com\/1\/wp-json\/wp\/v2\/posts\/73137","targetHints":{"allow":["GET"]}}],"collection":[{"href":"https:\/\/www.caririemacao.com\/1\/wp-json\/wp\/v2\/posts"}],"about":[{"href":"https:\/\/www.caririemacao.com\/1\/wp-json\/wp\/v2\/types\/post"}],"author":[{"embeddable":true,"href":"https:\/\/www.caririemacao.com\/1\/wp-json\/wp\/v2\/users\/1"}],"replies":[{"embeddable":true,"href":"https:\/\/www.caririemacao.com\/1\/wp-json\/wp\/v2\/comments?post=73137"}],"version-history":[{"count":1,"href":"https:\/\/www.caririemacao.com\/1\/wp-json\/wp\/v2\/posts\/73137\/revisions"}],"predecessor-version":[{"id":73138,"href":"https:\/\/www.caririemacao.com\/1\/wp-json\/wp\/v2\/posts\/73137\/revisions\/73138"}],"wp:featuredmedia":[{"embeddable":true,"href":"https:\/\/www.caririemacao.com\/1\/wp-json\/wp\/v2\/media\/69495"}],"wp:attachment":[{"href":"https:\/\/www.caririemacao.com\/1\/wp-json\/wp\/v2\/media?parent=73137"}],"wp:term":[{"taxonomy":"category","embeddable":true,"href":"https:\/\/www.caririemacao.com\/1\/wp-json\/wp\/v2\/categories?post=73137"},{"taxonomy":"post_tag","embeddable":true,"href":"https:\/\/www.caririemacao.com\/1\/wp-json\/wp\/v2\/tags?post=73137"}],"curies":[{"name":"wp","href":"https:\/\/api.w.org\/{rel}","templated":true}]}}