{"id":73139,"date":"2018-11-16T07:45:13","date_gmt":"2018-11-16T10:45:13","guid":{"rendered":"http:\/\/www.caririemacao.com\/1\/?p=73139"},"modified":"2018-11-16T07:45:13","modified_gmt":"2018-11-16T10:45:13","slug":"internacional-impede-titulo-do-palmeiras-no-domingo","status":"publish","type":"post","link":"https:\/\/www.caririemacao.com\/1\/2018\/11\/16\/internacional-impede-titulo-do-palmeiras-no-domingo\/","title":{"rendered":"Internacional impede t\u00edtulo do Palmeiras no domingo"},"content":{"rendered":"<p>O Internacional bateu o Am\u00e9rica-MG por 2 a 0 nesta quinta-feira (15), no Beira-Rio, pela 34\u00aa rodada do Brasileiro. Com o resultado, o colorado retomou a vice-lideran\u00e7a e a dist\u00e2ncia para o l\u00edder Palmeiras caiu para cinco pontos novamente, tornando o t\u00edtulo alviverde imposs\u00edvel neste final de semana.<\/p>\n<p>O m\u00e1ximo que o Palmeiras conseguir\u00e1 abrir na pr\u00f3xima rodada s\u00e3o oito pontos de vantagem, caso ven\u00e7a o Paran\u00e1 e o colorado perca para o Botafogo. Faltariam, ent\u00e3o, nove em disputa. Ou seja, \u00e9 imposs\u00edvel ser campe\u00e3o ao fim da rodada 35. O Inter, vice-l\u00edder, chegou aos 65 pontos contra 70 do Palmeiras. O Am\u00e9rica-MG, em pen\u00faltimo, seguiu com 34.<\/p>\n<p>Na pr\u00f3xima rodada, o colorado visita o Botafogo no domingo \u00e0s 17h, no Rio de Janeiro. O Am\u00e9rica-MG buscar\u00e1 se recuperar contra o Santos no Independ\u00eancia.<\/p>\n<p>O Internacional fortaleceu a ideia de utilizar Leandro Dami\u00e3o para dar profundidade ao time. Desta forma, \u2018empurrou\u2019 o Am\u00e9rica-MG para tr\u00e1s a cada lance que buscava o centroavante. Com ele, criou as principais chances de gol, reclamou um p\u00eanalti n\u00e3o marcado e n\u00e3o demorou a abrir o marcador.<\/p>\n<p>A ideia do Am\u00e9rica-MG era usar o contra-ataque. Mas n\u00e3o deu certo. Com os lados desabastecidos gra\u00e7as ao recuo dos extremas do Inter para acompanhar os laterais, e o meio-campo ajustado do advers\u00e1rio, a equipe mineira viu Rafael Moura tocar poucas vezes na bola e a velocidade almejada n\u00e3o aconteceu.<\/p>\n<p>No ataque, Odair Hellmann n\u00e3o queria Wellington Silva de um lado e Nico do outro simplesmente. Mas que eles tramassem juntos, invertessem e se encontrassem. E foi isso que orientou boa parte do jogo. Trocas de posi\u00e7\u00e3o e jogadas em diagonal pautaram a movimenta\u00e7\u00e3o e atrapalharam a defesa advers\u00e1ria.<\/p>\n<p>Eden\u00edlson foi figura \u00edmpar do Inter no primeiro tempo, que encaminhou o resultado. O meio-campista administrou as a\u00e7\u00f5es de defesa e puxou a maioria dos ataques em velocidade para a equipe ga\u00facha. Fez um gol e deu um passe para o outro.<\/p>\n<p>Enquanto isso, ao lado de Eden\u00edlson, Patrick n\u00e3o conseguiu acompanhar o ritmo ofensivo do time. Travando a maioria das jogadas, o rendimento aqu\u00e9m do esperado acabou prejudicando em alguns momentos.<\/p>\n<p>Wellington Silva viveu momento \u00edmpar. Pela primeira vez no Brasileiro, come\u00e7ou como titular. O ex-Fluminense que tem contrato vencendo no fim do ano entrou no posto do suspenso D\u2019Alessandro e deu boa din\u00e2mica ao time. Tramou jogadas com Nico L\u00f3pez, ganhou lances individuais e foi muito aplaudido.<\/p>\n<p>O estreante Givanildo de Oliveira trocou meio time do Am\u00e9rica-MG para o jogo. Promoveu cinco altera\u00e7\u00f5es, tentou impor suas ideias logo de cara. Mas n\u00e3o conseguiu a vit\u00f3ria. O time mineiro segue em pen\u00faltimo e n\u00e3o vence h\u00e1 bastante tempo.<\/p>\n<p>INTERNACIONAL<br \/>\nMarcelo Lomba; Fabiano (Zeca), Rodrigo Moledo, Victor Cuesta e Iago; Rodrigo Dourado, Patrick, Eden\u00edlson, Wellington Silva (Rossi) e Nico L\u00f3pez; Leandro Dami\u00e3o (Jonatan Alvez). T.: Odair Hellmann<\/p>\n<p>AM\u00c9RICA-MG<br \/>\nJo\u00e3o Ricardo; Norberto, Ricardo Silva, Matheus Ferraz e Carlinhos; Leandro Donizete (Juninho), Z\u00e9 Ricardo, Gerson Magr\u00e3o (Geovane), Ademir (Robinho) e Luan; Rafael Moura. T.: Givanildo de Oliveira<\/p>\n<p>Est\u00e1dio: Beira-Rio, em Porto Alegre<br \/>\nJuiz: Wilton Pereira Sampaio<br \/>\nRenda\/p\u00fablico: R$ 654.065,00 \/ 28.973 (total)<br \/>\nCart\u00f5es amarelos: Patrick (I), Fabiano (I); Rafael Moura (A)<br \/>\nGols: Leandro Dami\u00e3o, aos 23min do 1\u00ba tempo; Eden\u00edlson, aos 41min do 1\u00ba tempo<\/p>\n<p>&nbsp;<\/p>\n<p>FolhaPress<\/p>\n","protected":false},"excerpt":{"rendered":"<p>O Internacional bateu o Am\u00e9rica-MG por 2 a 0 nesta quinta-feira (15), no Beira-Rio, pela 34\u00aa rodada do Brasileiro. Com o resultado, o colorado retomou&hellip; <\/p>\n","protected":false},"author":1,"featured_media":73143,"comment_status":"closed","ping_status":"closed","sticky":false,"template":"","format":"standard","meta":{"sfsi_plus_gutenberg_text_before_share":"","sfsi_plus_gutenberg_show_text_before_share":"","sfsi_plus_gutenberg_icon_type":"","sfsi_plus_gutenberg_icon_alignemt":"","sfsi_plus_gutenburg_max_per_row":"","footnotes":""},"categories":[13],"tags":[],"class_list":["post-73139","post","type-post","status-publish","format-standard","has-post-thumbnail","hentry","category-esportes"],"_links":{"self":[{"href":"https:\/\/www.caririemacao.com\/1\/wp-json\/wp\/v2\/posts\/73139","targetHints":{"allow":["GET"]}}],"collection":[{"href":"https:\/\/www.caririemacao.com\/1\/wp-json\/wp\/v2\/posts"}],"about":[{"href":"https:\/\/www.caririemacao.com\/1\/wp-json\/wp\/v2\/types\/post"}],"author":[{"embeddable":true,"href":"https:\/\/www.caririemacao.com\/1\/wp-json\/wp\/v2\/users\/1"}],"replies":[{"embeddable":true,"href":"https:\/\/www.caririemacao.com\/1\/wp-json\/wp\/v2\/comments?post=73139"}],"version-history":[{"count":1,"href":"https:\/\/www.caririemacao.com\/1\/wp-json\/wp\/v2\/posts\/73139\/revisions"}],"predecessor-version":[{"id":73144,"href":"https:\/\/www.caririemacao.com\/1\/wp-json\/wp\/v2\/posts\/73139\/revisions\/73144"}],"wp:featuredmedia":[{"embeddable":true,"href":"https:\/\/www.caririemacao.com\/1\/wp-json\/wp\/v2\/media\/73143"}],"wp:attachment":[{"href":"https:\/\/www.caririemacao.com\/1\/wp-json\/wp\/v2\/media?parent=73139"}],"wp:term":[{"taxonomy":"category","embeddable":true,"href":"https:\/\/www.caririemacao.com\/1\/wp-json\/wp\/v2\/categories?post=73139"},{"taxonomy":"post_tag","embeddable":true,"href":"https:\/\/www.caririemacao.com\/1\/wp-json\/wp\/v2\/tags?post=73139"}],"curies":[{"name":"wp","href":"https:\/\/api.w.org\/{rel}","templated":true}]}}