{"id":73147,"date":"2018-11-16T07:57:30","date_gmt":"2018-11-16T10:57:30","guid":{"rendered":"http:\/\/www.caririemacao.com\/1\/?p=73147"},"modified":"2018-11-16T07:57:30","modified_gmt":"2018-11-16T10:57:30","slug":"edital-para-concurso-do-ifpb-deve-ser-divulgado-ate-dezembro-diz-diretoria-de-gestao-de-pessoas","status":"publish","type":"post","link":"https:\/\/www.caririemacao.com\/1\/2018\/11\/16\/edital-para-concurso-do-ifpb-deve-ser-divulgado-ate-dezembro-diz-diretoria-de-gestao-de-pessoas\/","title":{"rendered":"Edital para concurso do IFPB deve ser divulgado at\u00e9 dezembro, diz Diretoria de Gest\u00e3o de Pessoas"},"content":{"rendered":"<p>O\u00a0Instituto Federal da Para\u00edba (IFPB) ainda pretende divulgar o edital\u00a0do concurso p\u00fablico para professores e servidores\u00a0t\u00e9cnico-administrativos este ano. A previs\u00e3o \u00e9 que seja divulgado at\u00e9 dezembro, informou o diretor de Gest\u00e3o de Pessoas, Aguinaldo Tejo.<\/p>\n<p>O IFPB informou ao Portal ClickPB que o edital est\u00e1 em fase de planejamento.<\/p>\n<p>A institui\u00e7\u00e3o tem 101 vagas autorizadas pelo Minist\u00e9rio da Educa\u00e7\u00e3o (MEC) para servidores efetivos, sendo 85 para professores e 19 para servidores t\u00e9cnico-administrativos.<\/p>\n<p>O IFPB possui 21 unidades espalhadas na Para\u00edba. Os concursos do IFPB\u00a0s\u00e3o organizados pela banca da\u00a0pr\u00f3pria institui\u00e7\u00e3o, a Comiss\u00e3o Permanente de Concursos P\u00fablicos &#8211; COMPEC.<\/p>\n<p>A maioria das vagas ser\u00e1 destinada a candidatos de n\u00edvel superior de ensino. Somente para Professor do Ensino B\u00e1sico, T\u00e9cnico e Tecnol\u00f3gico ser\u00e3o 85 vagas. Tamb\u00e9m ser\u00e3o oferecidas duas vagas para Administrador, quatro para Nutricionista, e para \u00e1reas como Administrador, Contador, M\u00e9dico, entre outros.<\/p>\n<p><a href=\"https:\/\/www.clickpb.com.br\/media\/filer_public\/71\/07\/71075ec1-a47c-43cd-aded-eb446f8db3bb\/portaria_setec.pdf\" target=\"true\">Acesse a portaria no DOU.<\/a><\/p>\n","protected":false},"excerpt":{"rendered":"<p>O\u00a0Instituto Federal da Para\u00edba (IFPB) ainda pretende divulgar o edital\u00a0do concurso p\u00fablico para professores e servidores\u00a0t\u00e9cnico-administrativos este ano. A previs\u00e3o \u00e9 que seja divulgado at\u00e9&hellip; <\/p>\n","protected":false},"author":1,"featured_media":38570,"comment_status":"closed","ping_status":"closed","sticky":false,"template":"","format":"standard","meta":{"sfsi_plus_gutenberg_text_before_share":"","sfsi_plus_gutenberg_show_text_before_share":"","sfsi_plus_gutenberg_icon_type":"","sfsi_plus_gutenberg_icon_alignemt":"","sfsi_plus_gutenburg_max_per_row":"","footnotes":""},"categories":[2],"tags":[],"class_list":["post-73147","post","type-post","status-publish","format-standard","has-post-thumbnail","hentry","category-geral"],"_links":{"self":[{"href":"https:\/\/www.caririemacao.com\/1\/wp-json\/wp\/v2\/posts\/73147","targetHints":{"allow":["GET"]}}],"collection":[{"href":"https:\/\/www.caririemacao.com\/1\/wp-json\/wp\/v2\/posts"}],"about":[{"href":"https:\/\/www.caririemacao.com\/1\/wp-json\/wp\/v2\/types\/post"}],"author":[{"embeddable":true,"href":"https:\/\/www.caririemacao.com\/1\/wp-json\/wp\/v2\/users\/1"}],"replies":[{"embeddable":true,"href":"https:\/\/www.caririemacao.com\/1\/wp-json\/wp\/v2\/comments?post=73147"}],"version-history":[{"count":1,"href":"https:\/\/www.caririemacao.com\/1\/wp-json\/wp\/v2\/posts\/73147\/revisions"}],"predecessor-version":[{"id":73148,"href":"https:\/\/www.caririemacao.com\/1\/wp-json\/wp\/v2\/posts\/73147\/revisions\/73148"}],"wp:featuredmedia":[{"embeddable":true,"href":"https:\/\/www.caririemacao.com\/1\/wp-json\/wp\/v2\/media\/38570"}],"wp:attachment":[{"href":"https:\/\/www.caririemacao.com\/1\/wp-json\/wp\/v2\/media?parent=73147"}],"wp:term":[{"taxonomy":"category","embeddable":true,"href":"https:\/\/www.caririemacao.com\/1\/wp-json\/wp\/v2\/categories?post=73147"},{"taxonomy":"post_tag","embeddable":true,"href":"https:\/\/www.caririemacao.com\/1\/wp-json\/wp\/v2\/tags?post=73147"}],"curies":[{"name":"wp","href":"https:\/\/api.w.org\/{rel}","templated":true}]}}