{"id":73154,"date":"2018-11-16T08:22:19","date_gmt":"2018-11-16T11:22:19","guid":{"rendered":"http:\/\/www.caririemacao.com\/1\/?p=73154"},"modified":"2018-11-16T08:22:19","modified_gmt":"2018-11-16T11:22:19","slug":"escola-municipal-de-sao-sebastiao-do-umbuzeiro-realiza-tarde-de-autografos-de-livros-feitos-pelos-alunos","status":"publish","type":"post","link":"https:\/\/www.caririemacao.com\/1\/2018\/11\/16\/escola-municipal-de-sao-sebastiao-do-umbuzeiro-realiza-tarde-de-autografos-de-livros-feitos-pelos-alunos\/","title":{"rendered":"Escola Municipal de S\u00e3o Sebasti\u00e3o do Umbuzeiro realiza tarde de aut\u00f3grafos de livros feitos pelos alunos"},"content":{"rendered":"<p>Na tarde desta quinta-feira (15), a Escola M. E. I. F Pedro Pedrosa Amador, de S\u00e3o Sebasti\u00e3o do Umbuzeiro, realizou uma Tarde de Aut\u00f3grafos com cerca de 120 crian\u00e7as, que foram destaques do evento \u201cProjeto Pedag\u00f3gico Transforma Aluno em Escritor de Livros de Verdade\u201d.<\/p>\n<p>Com o tema de livre escolha pelos alunos<sub>;<\/sub>\u00a0cada livro foi composto por doze p\u00e1ginas sendo seis p\u00e1ginas escritas e seis ilustra\u00e7\u00f5es, no qual cada professor junto com o aluno fez as revis\u00f5es e corre\u00e7\u00f5es. As montagens dos livros foram realizadas em parceria com a editora Estante M\u00e1gica.<\/p>\n<p>\u00c0 tarde de aut\u00f3grafos, organizada pela escola, contou com a presen\u00e7a de pais, alunos, professores e gestores da escola, onde cada aluno teve a possibilidade de mostrar sua produ\u00e7\u00e3o para os participantes e autografar seu livro para os familiares presentes.<\/p>\n<p>Evento esse que foi constru\u00eddo gra\u00e7as \u00e0 coordena\u00e7\u00e3o pedag\u00f3gica, corpo docente da escola, dos alunos das turmas do 4\u00ba e 5\u00ba Ano e em parceria com a Estante M\u00e1gica, os alunos foram os escritores e ilustradores de seus pr\u00f3prios livros.<\/p>\n<p>Cada crian\u00e7a, durante semanas, escreveu sua pr\u00f3pria hist\u00f3ria, ilustrou seus desenhos, e nesse momento chegou a hora de autografar suas obras, se tornando protagonista de sua pr\u00f3pria hist\u00f3ria.<\/p>\n<p>As professoras Patricia Leite, Aparecida de Andrade, Aucelia Feitosa, Maria Jose da Silva, Marizelna Neves e Idalice Domingos trabalharam projetos de grande import\u00e2ncia para o desenvolvimento do processo de ensino aprendizagem dos alunos.<\/p>\n<p>Temas como inclus\u00e3o, escrevendo como Monteiro Lobato, a amizade, educa\u00e7\u00e3o financeira, os sentimentos e o folclore, teve a certeza que houve grande aprendizagem, foram 738 textos digitados e 861 desenhos digitalizados.<\/p>\n<p>Um trabalho de equipe. O evento de aut\u00f3grafos tamb\u00e9m foi um momento de celebra\u00e7\u00e3o de todo corpo docente que participou t\u00e3o lindamente desse projeto. Foi o momento de todos os respons\u00e1veis verem suas estrelas liter\u00e1rias brilhando.<\/p>\n<p>Segundo o Prefeito Adriano Wolff, parabenizou os alunos e os professore, e disse que escrever e ilustrar um livro s\u00e3o tarefas de alto n\u00edvel: \u201cNo entanto, as experi\u00eancias em sala de aula rebatem esse senso comum e mostram que crian\u00e7as s\u00e3o perfeitamente capazes de passar para o papel as hist\u00f3rias criadas por eles mesmos\u201d, destacou o prefeito.<\/p>\n<p>&nbsp;<\/p>\n<p>Ascom\/SSU<\/p>\n","protected":false},"excerpt":{"rendered":"<p>Na tarde desta quinta-feira (15), a Escola M. E. I. F Pedro Pedrosa Amador, de S\u00e3o Sebasti\u00e3o do Umbuzeiro, realizou uma Tarde de Aut\u00f3grafos com&hellip; <\/p>\n","protected":false},"author":1,"featured_media":73155,"comment_status":"closed","ping_status":"closed","sticky":false,"template":"","format":"standard","meta":{"sfsi_plus_gutenberg_text_before_share":"","sfsi_plus_gutenberg_show_text_before_share":"","sfsi_plus_gutenberg_icon_type":"","sfsi_plus_gutenberg_icon_alignemt":"","sfsi_plus_gutenburg_max_per_row":"","footnotes":""},"categories":[14],"tags":[],"class_list":["post-73154","post","type-post","status-publish","format-standard","has-post-thumbnail","hentry","category-educacao"],"_links":{"self":[{"href":"https:\/\/www.caririemacao.com\/1\/wp-json\/wp\/v2\/posts\/73154","targetHints":{"allow":["GET"]}}],"collection":[{"href":"https:\/\/www.caririemacao.com\/1\/wp-json\/wp\/v2\/posts"}],"about":[{"href":"https:\/\/www.caririemacao.com\/1\/wp-json\/wp\/v2\/types\/post"}],"author":[{"embeddable":true,"href":"https:\/\/www.caririemacao.com\/1\/wp-json\/wp\/v2\/users\/1"}],"replies":[{"embeddable":true,"href":"https:\/\/www.caririemacao.com\/1\/wp-json\/wp\/v2\/comments?post=73154"}],"version-history":[{"count":1,"href":"https:\/\/www.caririemacao.com\/1\/wp-json\/wp\/v2\/posts\/73154\/revisions"}],"predecessor-version":[{"id":73156,"href":"https:\/\/www.caririemacao.com\/1\/wp-json\/wp\/v2\/posts\/73154\/revisions\/73156"}],"wp:featuredmedia":[{"embeddable":true,"href":"https:\/\/www.caririemacao.com\/1\/wp-json\/wp\/v2\/media\/73155"}],"wp:attachment":[{"href":"https:\/\/www.caririemacao.com\/1\/wp-json\/wp\/v2\/media?parent=73154"}],"wp:term":[{"taxonomy":"category","embeddable":true,"href":"https:\/\/www.caririemacao.com\/1\/wp-json\/wp\/v2\/categories?post=73154"},{"taxonomy":"post_tag","embeddable":true,"href":"https:\/\/www.caririemacao.com\/1\/wp-json\/wp\/v2\/tags?post=73154"}],"curies":[{"name":"wp","href":"https:\/\/api.w.org\/{rel}","templated":true}]}}