{"id":73157,"date":"2018-11-16T08:26:48","date_gmt":"2018-11-16T11:26:48","guid":{"rendered":"http:\/\/www.caririemacao.com\/1\/?p=73157"},"modified":"2018-11-16T08:26:48","modified_gmt":"2018-11-16T11:26:48","slug":"presidencia-da-festa-de-sao-sebastiao-2019-realiza-reuniao-com-comando-militar","status":"publish","type":"post","link":"https:\/\/www.caririemacao.com\/1\/2018\/11\/16\/presidencia-da-festa-de-sao-sebastiao-2019-realiza-reuniao-com-comando-militar\/","title":{"rendered":"Presid\u00eancia da Festa de S\u00e3o Sebasti\u00e3o 2019 realiza reuni\u00e3o com Comando Militar"},"content":{"rendered":"<p>Na manh\u00e3 desta quarta-feira (14), a Presid\u00eancia da Festa do Padroeiro de S\u00e3o Sebasti\u00e3o do Umbuzeiro, representada por DidiMilton e o Prefeito Adriano Wolff, participaram de uma reuni\u00e3o com o Major\u00a0Samaroni Delgado, Comandante do 11\u00ba Batalh\u00e3o de Pol\u00edcia Militar de Monteiro.<\/p>\n<p>O objetivo da reuni\u00e3o foi para tratar de assuntos importantes como a seguran\u00e7a da Festa de S\u00e3o Sebasti\u00e3o 2019, defini\u00e7\u00e3o de hor\u00e1rios entre outros assuntos que ir\u00e3o proporcionar seguran\u00e7a as fam\u00edlias umbuzeirense e visitante.<\/p>\n<p>No dia 30 de Novembro, ser\u00e3o divulgadas as atra\u00e7\u00f5es da 107\u00aa Festa de S\u00e3o Sebasti\u00e3o 2019.<\/p>\n<p>&nbsp;<\/p>\n<p>Ascom\/SSU<\/p>\n","protected":false},"excerpt":{"rendered":"<p>Na manh\u00e3 desta quarta-feira (14), a Presid\u00eancia da Festa do Padroeiro de S\u00e3o Sebasti\u00e3o do Umbuzeiro, representada por DidiMilton e o Prefeito Adriano Wolff, participaram&hellip; <\/p>\n","protected":false},"author":1,"featured_media":73158,"comment_status":"closed","ping_status":"closed","sticky":false,"template":"","format":"standard","meta":{"sfsi_plus_gutenberg_text_before_share":"","sfsi_plus_gutenberg_show_text_before_share":"","sfsi_plus_gutenberg_icon_type":"","sfsi_plus_gutenberg_icon_alignemt":"","sfsi_plus_gutenburg_max_per_row":"","footnotes":""},"categories":[6],"tags":[],"class_list":["post-73157","post","type-post","status-publish","format-standard","has-post-thumbnail","hentry","category-cidades"],"_links":{"self":[{"href":"https:\/\/www.caririemacao.com\/1\/wp-json\/wp\/v2\/posts\/73157","targetHints":{"allow":["GET"]}}],"collection":[{"href":"https:\/\/www.caririemacao.com\/1\/wp-json\/wp\/v2\/posts"}],"about":[{"href":"https:\/\/www.caririemacao.com\/1\/wp-json\/wp\/v2\/types\/post"}],"author":[{"embeddable":true,"href":"https:\/\/www.caririemacao.com\/1\/wp-json\/wp\/v2\/users\/1"}],"replies":[{"embeddable":true,"href":"https:\/\/www.caririemacao.com\/1\/wp-json\/wp\/v2\/comments?post=73157"}],"version-history":[{"count":1,"href":"https:\/\/www.caririemacao.com\/1\/wp-json\/wp\/v2\/posts\/73157\/revisions"}],"predecessor-version":[{"id":73159,"href":"https:\/\/www.caririemacao.com\/1\/wp-json\/wp\/v2\/posts\/73157\/revisions\/73159"}],"wp:featuredmedia":[{"embeddable":true,"href":"https:\/\/www.caririemacao.com\/1\/wp-json\/wp\/v2\/media\/73158"}],"wp:attachment":[{"href":"https:\/\/www.caririemacao.com\/1\/wp-json\/wp\/v2\/media?parent=73157"}],"wp:term":[{"taxonomy":"category","embeddable":true,"href":"https:\/\/www.caririemacao.com\/1\/wp-json\/wp\/v2\/categories?post=73157"},{"taxonomy":"post_tag","embeddable":true,"href":"https:\/\/www.caririemacao.com\/1\/wp-json\/wp\/v2\/tags?post=73157"}],"curies":[{"name":"wp","href":"https:\/\/api.w.org\/{rel}","templated":true}]}}