{"id":73160,"date":"2018-11-16T08:30:10","date_gmt":"2018-11-16T11:30:10","guid":{"rendered":"http:\/\/www.caririemacao.com\/1\/?p=73160"},"modified":"2018-11-16T08:30:10","modified_gmt":"2018-11-16T11:30:10","slug":"instituto-educacional-de-monteiro-homenageia-sao-sebastiao-do-umbuzeiro-com-a-peca-teatral-sebastiana-e-severina","status":"publish","type":"post","link":"https:\/\/www.caririemacao.com\/1\/2018\/11\/16\/instituto-educacional-de-monteiro-homenageia-sao-sebastiao-do-umbuzeiro-com-a-peca-teatral-sebastiana-e-severina\/","title":{"rendered":"Instituto Educacional de Monteiro, homenageia S\u00e3o Sebasti\u00e3o do Umbuzeiro com a Pe\u00e7a Teatral Sebastiana e Severina"},"content":{"rendered":"<p>Na manh\u00e3 desta quarta-feira (14), eu e o Prefeito Adriano Wolff, participamos no Instituto Educacional Jos\u00e9 Pereira do Nascimento em Monteiro da Feira de Leitura e Escrita, que teve como tema \u201cEnsinar e Ajudar a Construir\u201d.<\/p>\n<p>O instituto Educacional \u00a0homenageou o munic\u00edpio de S\u00e3o Sebasti\u00e3o do Umbuzeiro, com a pe\u00e7a Teatral \u201cTecendo Sonhos, Bordando Hist\u00f3rias\u201d, que conta a hist\u00f3rias das irm\u00e3s Sebastiana e Severina, do livro que foi \u00a0Escrito por Andr\u00e9 Neves.<\/p>\n<p>O Livro narra a historia das duas umbuzeirenses, que sonham encontrar um pr\u00edncipe encantado, simbolizado pela chegada de um forasteiro. Ao longo da trama, entre feiti\u00e7os e rendas bonitas, elas descobrem o valor da amizade.<\/p>\n<p>A Pe\u00e7a por sinal foi bem feita, narra a amizade entre duas rendeiras, que d\u00e3o nome ao livro Sebastiana e Severina, que s\u00e3o da cidade de S\u00e3o Sebasti\u00e3o do Umbuzeiro. Recheada de elementos da cultura popular nordestina, a hist\u00f3ria faz uma evoca\u00e7\u00e3o do artes\u00e3o popular, presente, n\u00e3o s\u00f3 nas personagens protagonistas, mas no livro como um todo.<\/p>\n<p>&nbsp;<\/p>\n<p>Ascom\/SSU<\/p>\n","protected":false},"excerpt":{"rendered":"<p>Na manh\u00e3 desta quarta-feira (14), eu e o Prefeito Adriano Wolff, participamos no Instituto Educacional Jos\u00e9 Pereira do Nascimento em Monteiro da Feira de Leitura&hellip; <\/p>\n","protected":false},"author":1,"featured_media":73161,"comment_status":"closed","ping_status":"closed","sticky":false,"template":"","format":"standard","meta":{"sfsi_plus_gutenberg_text_before_share":"","sfsi_plus_gutenberg_show_text_before_share":"","sfsi_plus_gutenberg_icon_type":"","sfsi_plus_gutenberg_icon_alignemt":"","sfsi_plus_gutenburg_max_per_row":"","footnotes":""},"categories":[6],"tags":[],"class_list":["post-73160","post","type-post","status-publish","format-standard","has-post-thumbnail","hentry","category-cidades"],"_links":{"self":[{"href":"https:\/\/www.caririemacao.com\/1\/wp-json\/wp\/v2\/posts\/73160","targetHints":{"allow":["GET"]}}],"collection":[{"href":"https:\/\/www.caririemacao.com\/1\/wp-json\/wp\/v2\/posts"}],"about":[{"href":"https:\/\/www.caririemacao.com\/1\/wp-json\/wp\/v2\/types\/post"}],"author":[{"embeddable":true,"href":"https:\/\/www.caririemacao.com\/1\/wp-json\/wp\/v2\/users\/1"}],"replies":[{"embeddable":true,"href":"https:\/\/www.caririemacao.com\/1\/wp-json\/wp\/v2\/comments?post=73160"}],"version-history":[{"count":1,"href":"https:\/\/www.caririemacao.com\/1\/wp-json\/wp\/v2\/posts\/73160\/revisions"}],"predecessor-version":[{"id":73162,"href":"https:\/\/www.caririemacao.com\/1\/wp-json\/wp\/v2\/posts\/73160\/revisions\/73162"}],"wp:featuredmedia":[{"embeddable":true,"href":"https:\/\/www.caririemacao.com\/1\/wp-json\/wp\/v2\/media\/73161"}],"wp:attachment":[{"href":"https:\/\/www.caririemacao.com\/1\/wp-json\/wp\/v2\/media?parent=73160"}],"wp:term":[{"taxonomy":"category","embeddable":true,"href":"https:\/\/www.caririemacao.com\/1\/wp-json\/wp\/v2\/categories?post=73160"},{"taxonomy":"post_tag","embeddable":true,"href":"https:\/\/www.caririemacao.com\/1\/wp-json\/wp\/v2\/tags?post=73160"}],"curies":[{"name":"wp","href":"https:\/\/api.w.org\/{rel}","templated":true}]}}