{"id":73174,"date":"2018-11-16T09:21:30","date_gmt":"2018-11-16T12:21:30","guid":{"rendered":"http:\/\/www.caririemacao.com\/1\/?p=73174"},"modified":"2018-11-16T09:21:30","modified_gmt":"2018-11-16T12:21:30","slug":"tre-pb-define-a-data-da-diplomacao-dos-eleitos-na-paraiba","status":"publish","type":"post","link":"https:\/\/www.caririemacao.com\/1\/2018\/11\/16\/tre-pb-define-a-data-da-diplomacao-dos-eleitos-na-paraiba\/","title":{"rendered":"TRE-PB define a data da diploma\u00e7\u00e3o dos eleitos na Para\u00edba"},"content":{"rendered":"<p>O presidente do Tribunal Regional Eleitoral da Para\u00edba, desembargador Carlos Martins Beltr\u00e3o Filho, em sess\u00e3o ordin\u00e1ria na quarta-feira (14), anunciou a data de 18 de dezembro para a realiza\u00e7\u00e3o da Cerim\u00f4nia de Diploma\u00e7\u00e3o dos Candidatos Eleitos da Para\u00edba nas Elei\u00e7\u00f5es Gerais de 2018. A data segue o Calend\u00e1rio Eleitoral.<\/p>\n<div id=\"attachment_527533\" class=\"wp-caption aligncenter\"><img decoding=\"async\" class=\"wp-image-527533 size-full lazyload\" data-src=\"https:\/\/paraibaonline.com.br\/wp-content\/uploads\/2018\/11\/carlos-beltrao1611a.jpg\" alt=\"Foto: Ascom\" src=\"data:image\/svg+xml;base64,PHN2ZyB3aWR0aD0iMSIgaGVpZ2h0PSIxIiB4bWxucz0iaHR0cDovL3d3dy53My5vcmcvMjAwMC9zdmciPjwvc3ZnPg==\" \/><\/p>\n<p class=\"wp-caption-text\">Foto: Ascom<\/p>\n<\/div>\n<p>A solenidade ocorrer\u00e1 \u00e0s 16h, no Teatro Pedra do Reino, localizado no Centro de Conven\u00e7\u00f5es, em Jo\u00e3o Pessoa. Os detalhes da cerim\u00f4nia j\u00e1 est\u00e3o sendo discutidos entre os setores do TRE-PB envolvidos no projeto de Diploma\u00e7\u00e3o-2018.<\/p>\n<p>Na \u00faltima quinta-feira (8), a diretora-geral, Alexandra Cordeiro, acompanhada de secret\u00e1rios e assessores, esteve reunida com o diretor do Centro de Conven\u00e7\u00f5es, Ferdinando Lucena, em visita ao Teatro Pedra do Reino, ocasi\u00e3o em que ficaram firmadas estrat\u00e9gias de log\u00edstica para a realiza\u00e7\u00e3o da cerim\u00f4nia.<\/p>\n<p>Ato jurisdicional indispens\u00e1vel e solene, a diploma\u00e7\u00e3o \u00e9 a etapa do processo eleitoral em que se confirma que os candidatos eleitos cumpriram todas as formalidades previstas em lei e est\u00e3o aptos a serem empossados.<\/p>\n<p>A solenidade representa o marco final, por meio da qual a Justi\u00e7a Eleitoral entrega oficialmente, aos eleitos, o Diploma Eleitoral \u2013 documento que permite o exerc\u00edcio do mandato.<\/p>\n<p>Na Para\u00edba ser\u00e3o diplomados 36 deputados estaduais, 12 deputados federais, 2 suplentes por partido ou coliga\u00e7\u00e3o para os deputados, totalizando 24 suplentes de deputados, 2 senadores e seus 2 suplentes, e o governador e seu vice.<\/p>\n<p>Os diplomas ser\u00e3o assinados pelo presidente do TRE-PB, desembargador Carlos Martins Beltr\u00e3o Filho.<\/p>\n<p>Na mesma sess\u00e3o de quarta-feira (14), a Corte Eleitoral aprovou por unanimidade o Relat\u00f3rio Geral de Apura\u00e7\u00e3o do Segundo Turno das Elei\u00e7\u00f5es Gerais de 2018. O documento foi apresentado pelo juiz membro S\u00e9rgio Murilo Wanderley Queiroga, presidente da Comiss\u00e3o de Totaliza\u00e7\u00e3o.<\/p>\n<p>Paraiba Online<\/p>\n","protected":false},"excerpt":{"rendered":"<p>O presidente do Tribunal Regional Eleitoral da Para\u00edba, desembargador Carlos Martins Beltr\u00e3o Filho, em sess\u00e3o ordin\u00e1ria na quarta-feira (14), anunciou a data de 18 de&hellip; <\/p>\n","protected":false},"author":1,"featured_media":71433,"comment_status":"closed","ping_status":"closed","sticky":false,"template":"","format":"standard","meta":{"sfsi_plus_gutenberg_text_before_share":"","sfsi_plus_gutenberg_show_text_before_share":"","sfsi_plus_gutenberg_icon_type":"","sfsi_plus_gutenberg_icon_alignemt":"","sfsi_plus_gutenburg_max_per_row":"","footnotes":""},"categories":[11],"tags":[],"class_list":["post-73174","post","type-post","status-publish","format-standard","has-post-thumbnail","hentry","category-politica"],"_links":{"self":[{"href":"https:\/\/www.caririemacao.com\/1\/wp-json\/wp\/v2\/posts\/73174","targetHints":{"allow":["GET"]}}],"collection":[{"href":"https:\/\/www.caririemacao.com\/1\/wp-json\/wp\/v2\/posts"}],"about":[{"href":"https:\/\/www.caririemacao.com\/1\/wp-json\/wp\/v2\/types\/post"}],"author":[{"embeddable":true,"href":"https:\/\/www.caririemacao.com\/1\/wp-json\/wp\/v2\/users\/1"}],"replies":[{"embeddable":true,"href":"https:\/\/www.caririemacao.com\/1\/wp-json\/wp\/v2\/comments?post=73174"}],"version-history":[{"count":1,"href":"https:\/\/www.caririemacao.com\/1\/wp-json\/wp\/v2\/posts\/73174\/revisions"}],"predecessor-version":[{"id":73175,"href":"https:\/\/www.caririemacao.com\/1\/wp-json\/wp\/v2\/posts\/73174\/revisions\/73175"}],"wp:featuredmedia":[{"embeddable":true,"href":"https:\/\/www.caririemacao.com\/1\/wp-json\/wp\/v2\/media\/71433"}],"wp:attachment":[{"href":"https:\/\/www.caririemacao.com\/1\/wp-json\/wp\/v2\/media?parent=73174"}],"wp:term":[{"taxonomy":"category","embeddable":true,"href":"https:\/\/www.caririemacao.com\/1\/wp-json\/wp\/v2\/categories?post=73174"},{"taxonomy":"post_tag","embeddable":true,"href":"https:\/\/www.caririemacao.com\/1\/wp-json\/wp\/v2\/tags?post=73174"}],"curies":[{"name":"wp","href":"https:\/\/api.w.org\/{rel}","templated":true}]}}