{"id":73179,"date":"2018-11-16T09:33:42","date_gmt":"2018-11-16T12:33:42","guid":{"rendered":"http:\/\/www.caririemacao.com\/1\/?p=73179"},"modified":"2018-11-16T09:33:42","modified_gmt":"2018-11-16T12:33:42","slug":"sargento-e-expulso-da-policia-militar-por-cobranca-de-propina-em-blitz","status":"publish","type":"post","link":"https:\/\/www.caririemacao.com\/1\/2018\/11\/16\/sargento-e-expulso-da-policia-militar-por-cobranca-de-propina-em-blitz\/","title":{"rendered":"Sargento \u00e9 expulso da Pol\u00edcia Militar por cobran\u00e7a de propina em blitz"},"content":{"rendered":"<p>Um sargento lotado na 2\u00aa Companhia Independente de Pol\u00edcia Militar foi expulso da corpora\u00e7\u00e3o por cobran\u00e7a de propina em blitz realizada em 2005, na cidade de Ba\u00eda da Trai\u00e7\u00e3o. A expuls\u00e3o foi publicada em edi\u00e7\u00e3o do Di\u00e1rio Oficial do Estado.<\/p>\n<p>Consta na portaria que,\u00a0sem o\u00a0devido conhecimento ou autoriza\u00e7\u00e3o do superior, o ex-militar participou de uma blitz de tr\u00e2nsito na estrada\u00a0que d\u00e1 acesso \u00e0 praia de Baia da Trai\u00e7\u00e3o. Ele e outros militares passaram a abordar ve\u00edculos particulares e de transporte de\u00a0passageiros, exigindo documenta\u00e7\u00e3o.<\/p>\n<p>Daqueles que apresentavam irregularidades o militar teria exigido vantagem indevida para liber\u00e1-los.\u00a0Pelo crime, ele e os outros militares envolvidos foram condenados em A\u00e7\u00e3o Penal Militar, decis\u00e3o que foi confirmada posteriormente pelo Tribunal de Justi\u00e7a da Para\u00edba.<\/p>\n<p>\u201cAs a\u00e7\u00f5es praticadas pelo\u00a0militar afrontaram incisivamente os preceitos legais e administrativos que regem os policiais militares\u00a0da Para\u00edba, deixando uma marca indel\u00e9vel de descompasso e desrespeito \u00e0s leis e regulamentos que\u00a0deve observar e acatar\u201d, diz trecho da portaria, de autoria do Comando Geral.<\/p>\n<p><strong>MaisPB<\/strong><\/p>\n","protected":false},"excerpt":{"rendered":"<p>Um sargento lotado na 2\u00aa Companhia Independente de Pol\u00edcia Militar foi expulso da corpora\u00e7\u00e3o por cobran\u00e7a de propina em blitz realizada em 2005, na cidade&hellip; <\/p>\n","protected":false},"author":1,"featured_media":73180,"comment_status":"closed","ping_status":"closed","sticky":false,"template":"","format":"standard","meta":{"sfsi_plus_gutenberg_text_before_share":"","sfsi_plus_gutenberg_show_text_before_share":"","sfsi_plus_gutenberg_icon_type":"","sfsi_plus_gutenberg_icon_alignemt":"","sfsi_plus_gutenburg_max_per_row":"","footnotes":""},"categories":[12],"tags":[],"class_list":["post-73179","post","type-post","status-publish","format-standard","has-post-thumbnail","hentry","category-policia"],"_links":{"self":[{"href":"https:\/\/www.caririemacao.com\/1\/wp-json\/wp\/v2\/posts\/73179","targetHints":{"allow":["GET"]}}],"collection":[{"href":"https:\/\/www.caririemacao.com\/1\/wp-json\/wp\/v2\/posts"}],"about":[{"href":"https:\/\/www.caririemacao.com\/1\/wp-json\/wp\/v2\/types\/post"}],"author":[{"embeddable":true,"href":"https:\/\/www.caririemacao.com\/1\/wp-json\/wp\/v2\/users\/1"}],"replies":[{"embeddable":true,"href":"https:\/\/www.caririemacao.com\/1\/wp-json\/wp\/v2\/comments?post=73179"}],"version-history":[{"count":1,"href":"https:\/\/www.caririemacao.com\/1\/wp-json\/wp\/v2\/posts\/73179\/revisions"}],"predecessor-version":[{"id":73181,"href":"https:\/\/www.caririemacao.com\/1\/wp-json\/wp\/v2\/posts\/73179\/revisions\/73181"}],"wp:featuredmedia":[{"embeddable":true,"href":"https:\/\/www.caririemacao.com\/1\/wp-json\/wp\/v2\/media\/73180"}],"wp:attachment":[{"href":"https:\/\/www.caririemacao.com\/1\/wp-json\/wp\/v2\/media?parent=73179"}],"wp:term":[{"taxonomy":"category","embeddable":true,"href":"https:\/\/www.caririemacao.com\/1\/wp-json\/wp\/v2\/categories?post=73179"},{"taxonomy":"post_tag","embeddable":true,"href":"https:\/\/www.caririemacao.com\/1\/wp-json\/wp\/v2\/tags?post=73179"}],"curies":[{"name":"wp","href":"https:\/\/api.w.org\/{rel}","templated":true}]}}