{"id":73188,"date":"2018-11-16T10:48:46","date_gmt":"2018-11-16T13:48:46","guid":{"rendered":"http:\/\/www.caririemacao.com\/1\/?p=73188"},"modified":"2018-11-16T10:48:47","modified_gmt":"2018-11-16T13:48:47","slug":"celebrar-o-natal-tambem-e-ajudar-quem-nao-tem-o-que-comer","status":"publish","type":"post","link":"https:\/\/www.caririemacao.com\/1\/2018\/11\/16\/celebrar-o-natal-tambem-e-ajudar-quem-nao-tem-o-que-comer\/","title":{"rendered":"Celebrar o Natal tamb\u00e9m \u00e9 ajudar quem n\u00e3o tem o que comer"},"content":{"rendered":"<p><img fetchpriority=\"high\" decoding=\"async\" class=\"alignnone size-medium wp-image-73190\" src=\"http:\/\/www.caririemacao.com\/1\/wp-content\/uploads\/2018\/11\/Com-a-sua-doacao-a-LBV-podera-chegar-a-milhares-de-familias-da-Zona-Rural-de-Alagoas-300x199.jpeg\" alt=\"\" width=\"300\" height=\"199\" srcset=\"https:\/\/www.caririemacao.com\/1\/wp-content\/uploads\/2018\/11\/Com-a-sua-doacao-a-LBV-podera-chegar-a-milhares-de-familias-da-Zona-Rural-de-Alagoas-300x199.jpeg 300w, https:\/\/www.caririemacao.com\/1\/wp-content\/uploads\/2018\/11\/Com-a-sua-doacao-a-LBV-podera-chegar-a-milhares-de-familias-da-Zona-Rural-de-Alagoas-768x511.jpeg 768w, https:\/\/www.caririemacao.com\/1\/wp-content\/uploads\/2018\/11\/Com-a-sua-doacao-a-LBV-podera-chegar-a-milhares-de-familias-da-Zona-Rural-de-Alagoas-1024x681.jpeg 1024w, https:\/\/www.caririemacao.com\/1\/wp-content\/uploads\/2018\/11\/Com-a-sua-doacao-a-LBV-podera-chegar-a-milhares-de-familias-da-Zona-Rural-de-Alagoas.jpeg 1280w\" sizes=\"(max-width: 300px) 100vw, 300px\" \/><\/p>\n<p style=\"font-weight: 400;\">Al\u00e9m de todo o trabalho socioeducacional realizado diariamente em favor de milhares de crian\u00e7as, adolescentes, jovens, adultos e idosos em situa\u00e7\u00e3o de vulnerabilidade em todo o pa\u00eds, a Legi\u00e3o da Boa Vontade promove diversas campanhas de socorro \u00e0s popula\u00e7\u00f5es que enfrentam desafios sociais como a escassez de alimentos. Entre as iniciativas, a campanha\u00a0<em>Natal Permanente da LBV \u2014 Jesus, o P\u00e3o Nosso de cada dia!<\/em>, realizada tradicionalmente pela Institui\u00e7\u00e3o, neste ano tem como\u00a0<strong>meta arrecadar mil toneladas de alimentos n\u00e3o perec\u00edveis (um milh\u00e3o de quilos)<\/strong>e\u00a0<strong>beneficiar mais de 50 mil fam\u00edlias atendidas nas cinco regi\u00f5es brasileiras<\/strong>\u00a0pelos programas socioassistenciais da Legi\u00e3o da Boa Vontade e tamb\u00e9m por organiza\u00e7\u00f5es parceiras.<\/p>\n<p style=\"font-weight: 400;\">A campanha recebe o apoio de colaboradores, volunt\u00e1rios, artistas, esportistas, empres\u00e1rios e estudantes, que mobilizam a popula\u00e7\u00e3o numa grande a\u00e7\u00e3o solid\u00e1ria para arrecadar os alimentos e, assim, proporcionar um Natal digno e sem fome a milhares de fam\u00edlias. Diversos ve\u00edculos de comunica\u00e7\u00e3o e profissionais da m\u00eddia tamb\u00e9m est\u00e3o engajados na divulga\u00e7\u00e3o da campanha, que refor\u00e7a a import\u00e2ncia de celebrar o Natal ajudando tamb\u00e9m aqueles que n\u00e3o tem o que comer.<\/p>\n<p style=\"font-weight: 400;\"><strong>Sua atitude vale muito<\/strong><\/p>\n<p style=\"font-weight: 400;\">O objetivo \u00e9 entregar a cada fam\u00edlia uma cesta contendo itens de acordo com os costumes de cada regi\u00e3o, tais como: arroz, feij\u00e3o, \u00f3leo, a\u00e7\u00facar, leite em p\u00f3, macarr\u00e3o, farinha de mandioca e de trigo, fub\u00e1, extrato de tomate, massa para cuscuz, carne de charque, entre outros.<\/p>\n<p style=\"font-weight: 400;\">No\u00a0<strong>Estado da Para\u00edba<\/strong>, a Institui\u00e7\u00e3o, precisa de seu apoio para que possa assistir mais de mil fam\u00edlias oriundas das cidades de\u00a0<strong>Campina Grande, Jo\u00e3o Pessoa e do Brejo Paraibano (Alagoa Grande, Dona In\u00eas e Sap\u00e9).<\/strong><\/p>\n<p style=\"font-weight: 400;\">As doa\u00e7\u00f5es para a campanha podem ser feitas no\u00a0<em>site\u00a0<\/em><strong><a href=\"http:\/\/www.lbv.org\/natal\" data-saferedirecturl=\"https:\/\/www.google.com\/url?q=http:\/\/www.lbv.org\/natal&amp;source=gmail&amp;ust=1542462183707000&amp;usg=AFQjCNEHyilbRBu7p3htY2CXAelT0rknxA\">www.lbv.org<\/a><\/strong>, pelo telefone\u00a0<strong>0800 055 50 99\u00a0<\/strong>ou ainda em uma das unidades de atendimento da LBV localizada em Campina Grande e em Jo\u00e3o Pessoa.<\/p>\n<p style=\"font-weight: 400;\"><strong>Natal Permanente da LBV<\/strong><\/p>\n<p style=\"font-weight: 400;\">Vale ressaltar que as a\u00e7\u00f5es da Legi\u00e3o da Boa Vontade s\u00e3o movidas pelo ideal de Fraternidade Ecum\u00eanica e tem como inspira\u00e7\u00e3o os ensinamentos e exemplos de Jesus, o Cristo Ecum\u00eanico. Desde 1940, a LBV instituiu o seu Natal Permanente numa campanha contra a fome e a pobreza e ao longo de quase 70 anos tem trabalhado para melhorar a qualidade de vida das popula\u00e7\u00f5es menos favorecidas. Al\u00e9m do amparo imediato e da constante atua\u00e7\u00e3o nos campos da assist\u00eancia social e da educa\u00e7\u00e3o, que v\u00eam mudando o destino de milhares de pessoas, a LBV tem tradicionalmente mobilizado a sociedade brasileira a fim de proporcionar um Natal melhor a fam\u00edlias em todo o Brasil.<\/p>\n","protected":false},"excerpt":{"rendered":"<p>Al\u00e9m de todo o trabalho socioeducacional realizado diariamente em favor de milhares de crian\u00e7as, adolescentes, jovens, adultos e idosos em situa\u00e7\u00e3o de vulnerabilidade em todo&hellip; <\/p>\n","protected":false},"author":1,"featured_media":73189,"comment_status":"closed","ping_status":"closed","sticky":false,"template":"","format":"standard","meta":{"sfsi_plus_gutenberg_text_before_share":"","sfsi_plus_gutenberg_show_text_before_share":"","sfsi_plus_gutenberg_icon_type":"","sfsi_plus_gutenberg_icon_alignemt":"","sfsi_plus_gutenburg_max_per_row":"","footnotes":""},"categories":[50,2],"tags":[],"class_list":["post-73188","post","type-post","status-publish","format-standard","has-post-thumbnail","hentry","category-destaque","category-geral"],"_links":{"self":[{"href":"https:\/\/www.caririemacao.com\/1\/wp-json\/wp\/v2\/posts\/73188","targetHints":{"allow":["GET"]}}],"collection":[{"href":"https:\/\/www.caririemacao.com\/1\/wp-json\/wp\/v2\/posts"}],"about":[{"href":"https:\/\/www.caririemacao.com\/1\/wp-json\/wp\/v2\/types\/post"}],"author":[{"embeddable":true,"href":"https:\/\/www.caririemacao.com\/1\/wp-json\/wp\/v2\/users\/1"}],"replies":[{"embeddable":true,"href":"https:\/\/www.caririemacao.com\/1\/wp-json\/wp\/v2\/comments?post=73188"}],"version-history":[{"count":1,"href":"https:\/\/www.caririemacao.com\/1\/wp-json\/wp\/v2\/posts\/73188\/revisions"}],"predecessor-version":[{"id":73191,"href":"https:\/\/www.caririemacao.com\/1\/wp-json\/wp\/v2\/posts\/73188\/revisions\/73191"}],"wp:featuredmedia":[{"embeddable":true,"href":"https:\/\/www.caririemacao.com\/1\/wp-json\/wp\/v2\/media\/73189"}],"wp:attachment":[{"href":"https:\/\/www.caririemacao.com\/1\/wp-json\/wp\/v2\/media?parent=73188"}],"wp:term":[{"taxonomy":"category","embeddable":true,"href":"https:\/\/www.caririemacao.com\/1\/wp-json\/wp\/v2\/categories?post=73188"},{"taxonomy":"post_tag","embeddable":true,"href":"https:\/\/www.caririemacao.com\/1\/wp-json\/wp\/v2\/tags?post=73188"}],"curies":[{"name":"wp","href":"https:\/\/api.w.org\/{rel}","templated":true}]}}