{"id":73193,"date":"2018-11-16T10:52:24","date_gmt":"2018-11-16T13:52:24","guid":{"rendered":"http:\/\/www.caririemacao.com\/1\/?p=73193"},"modified":"2018-11-16T10:52:24","modified_gmt":"2018-11-16T13:52:24","slug":"paraiba-conquista-cinco-medalhas-nos-jogos-escolares-da-juventude-2018","status":"publish","type":"post","link":"https:\/\/www.caririemacao.com\/1\/2018\/11\/16\/paraiba-conquista-cinco-medalhas-nos-jogos-escolares-da-juventude-2018\/","title":{"rendered":"Para\u00edba conquista cinco medalhas nos Jogos Escolares da Juventude 2018"},"content":{"rendered":"<p>A Para\u00edba encerrou, nesta quinta-feira (15), o segundo dia dos Jogos Escolares da Juventude 2018 acumulando cinco medalhas. Na nata\u00e7\u00e3o, Daniel Azevedo levou a prata na prova dos 50 metros nado costas (12 a 14 anos) e Maria Eduarda ficou com o bronze nos 100 metros borboleta (12 a 12). Ainda nas piscinas, Ana Beatriz tamb\u00e9m ficou no terceiro lugar no p\u00f3dio nos 50 metros borboleta (15 a 17).<\/p>\n<p>No v\u00f4lei de praia, a dupla Thi\u00eago e Pablo levou mais uma medalha de bronze (15 a 17). Pela modalidade de gin\u00e1stica r\u00edtmica, Ma\u00edra Myashita tamb\u00e9m foi terceira colocada. Os Jogos est\u00e3o ocorrendo em Natal (RN) e s\u00e3o organizados pelo Comit\u00ea Ol\u00edmpico do Brasil (COB) e a delega\u00e7\u00e3o paraibana tem o apoio do Governo do Estado, por meio da Secretaria de Estado da Juventude, Esporte e Lazer (Sejel).<\/p>\n<div class=\"td-a-rec td-a-rec-id-content_inline  \">\u201cEm dois dias de competi\u00e7\u00e3o, a delega\u00e7\u00e3o da Para\u00edba j\u00e1 subiu no p\u00f3dio cinco vezes. Por isso, \u00e9 motivo de comemorar e parabenizar aos atletas e \u00e0s atletas por cada medalha conquistada\u201d, disse Jos\u00e9 Marco, secret\u00e1rio executivo de esporte e lazer.<\/div>\n<div><\/div>\n<div>Secom\/PB<\/div>\n","protected":false},"excerpt":{"rendered":"<p>A Para\u00edba encerrou, nesta quinta-feira (15), o segundo dia dos Jogos Escolares da Juventude 2018 acumulando cinco medalhas. Na nata\u00e7\u00e3o, Daniel Azevedo levou a prata&hellip; <\/p>\n","protected":false},"author":1,"featured_media":73194,"comment_status":"closed","ping_status":"closed","sticky":false,"template":"","format":"standard","meta":{"sfsi_plus_gutenberg_text_before_share":"","sfsi_plus_gutenberg_show_text_before_share":"","sfsi_plus_gutenberg_icon_type":"","sfsi_plus_gutenberg_icon_alignemt":"","sfsi_plus_gutenburg_max_per_row":"","footnotes":""},"categories":[14],"tags":[],"class_list":["post-73193","post","type-post","status-publish","format-standard","has-post-thumbnail","hentry","category-educacao"],"_links":{"self":[{"href":"https:\/\/www.caririemacao.com\/1\/wp-json\/wp\/v2\/posts\/73193","targetHints":{"allow":["GET"]}}],"collection":[{"href":"https:\/\/www.caririemacao.com\/1\/wp-json\/wp\/v2\/posts"}],"about":[{"href":"https:\/\/www.caririemacao.com\/1\/wp-json\/wp\/v2\/types\/post"}],"author":[{"embeddable":true,"href":"https:\/\/www.caririemacao.com\/1\/wp-json\/wp\/v2\/users\/1"}],"replies":[{"embeddable":true,"href":"https:\/\/www.caririemacao.com\/1\/wp-json\/wp\/v2\/comments?post=73193"}],"version-history":[{"count":1,"href":"https:\/\/www.caririemacao.com\/1\/wp-json\/wp\/v2\/posts\/73193\/revisions"}],"predecessor-version":[{"id":73195,"href":"https:\/\/www.caririemacao.com\/1\/wp-json\/wp\/v2\/posts\/73193\/revisions\/73195"}],"wp:featuredmedia":[{"embeddable":true,"href":"https:\/\/www.caririemacao.com\/1\/wp-json\/wp\/v2\/media\/73194"}],"wp:attachment":[{"href":"https:\/\/www.caririemacao.com\/1\/wp-json\/wp\/v2\/media?parent=73193"}],"wp:term":[{"taxonomy":"category","embeddable":true,"href":"https:\/\/www.caririemacao.com\/1\/wp-json\/wp\/v2\/categories?post=73193"},{"taxonomy":"post_tag","embeddable":true,"href":"https:\/\/www.caririemacao.com\/1\/wp-json\/wp\/v2\/tags?post=73193"}],"curies":[{"name":"wp","href":"https:\/\/api.w.org\/{rel}","templated":true}]}}