{"id":73196,"date":"2018-11-16T10:57:13","date_gmt":"2018-11-16T13:57:13","guid":{"rendered":"http:\/\/www.caririemacao.com\/1\/?p=73196"},"modified":"2018-11-16T10:57:15","modified_gmt":"2018-11-16T13:57:15","slug":"pagamento-do-pis-para-nascidos-em-novembro-comeca-nesta-sexta-feira","status":"publish","type":"post","link":"https:\/\/www.caririemacao.com\/1\/2018\/11\/16\/pagamento-do-pis-para-nascidos-em-novembro-comeca-nesta-sexta-feira\/","title":{"rendered":"Pagamento do PIS para nascidos em novembro come\u00e7a nesta sexta-feira"},"content":{"rendered":"<p>Os trabalhadores nascidos no m\u00eas de novembro come\u00e7am a receber nesta sexta-feira (17), o abono salarial do\u00a0Programa de Integra\u00e7\u00e3o Social (PIS) calend\u00e1rio 2017\/2018, ano-base 2016. Os valores variam de R$ 79 a R$ 937, conforme o tempo de trabalho durante o ano passado. Quem tem conta na Caixa, vai receber o cr\u00e9dito automaticamente a partir desta ter\u00e7a-feira (14).<\/p>\n<p>Ao todo, est\u00e3o dispon\u00edveis R$ 1.265.822.156,00 para 1.778.726 de trabalhadores. Para saber o valor do benef\u00edcio, basta acessar o site\u00a0<a href=\"http:\/\/www.caixa.gov.br\/beneficios-trabalhador\/pis\/Paginas\/default.aspx\" target=\"_blank\" rel=\"noopener\">www.caixa.gov.br\/PIS<\/a>\u00a0ou ligar para o telefone:\u00a00800 726 0207.<\/p>\n<h2>Quem recebe<\/h2>\n<div class=\"td-a-rec td-a-rec-id-content_inline  \">Os recursos est\u00e3o dispon\u00edveis para o trabalhador inscrito no programa h\u00e1 pelo menos cinco anos e que tenha trabalhado formalmente por pelo menos 30 dias em 2016 com remunera\u00e7\u00e3o mensal m\u00e9dia de at\u00e9 dois sal\u00e1rios m\u00ednimos.<\/div>\n<h2>Cart\u00e3o do Cidad\u00e3o<\/h2>\n<p>Quem tem o Cart\u00e3o do Cidad\u00e3o e senha cadastrada pode se dirigir a uma casa lot\u00e9rica, a um ponto de atendimento Caixa Aqui ou aos terminais de autoatendimento da Caixa. Caso n\u00e3o tenha o cart\u00e3o e n\u00e3o tenha recebido automaticamente em conta, o valor pode ser retirado em qualquer ag\u00eancia da Caixa, basta apresentar o documento de identifica\u00e7\u00e3o.<\/p>\n<p>O trabalhador com v\u00ednculo a empresa p\u00fablica possui inscri\u00e7\u00e3o no Programa de Forma\u00e7\u00e3o do Patrim\u00f4nio do Servidor P\u00fablico e recebe o pagamento pelo Banco do Brasil.<\/p>\n<p>&nbsp;<\/p>\n<p>Portal Correio.<\/p>\n","protected":false},"excerpt":{"rendered":"<p>Os trabalhadores nascidos no m\u00eas de novembro come\u00e7am a receber nesta sexta-feira (17), o abono salarial do\u00a0Programa de Integra\u00e7\u00e3o Social (PIS) calend\u00e1rio 2017\/2018, ano-base 2016.&hellip; <\/p>\n","protected":false},"author":1,"featured_media":36650,"comment_status":"closed","ping_status":"closed","sticky":false,"template":"","format":"standard","meta":{"sfsi_plus_gutenberg_text_before_share":"","sfsi_plus_gutenberg_show_text_before_share":"","sfsi_plus_gutenberg_icon_type":"","sfsi_plus_gutenberg_icon_alignemt":"","sfsi_plus_gutenburg_max_per_row":"","footnotes":""},"categories":[50,2],"tags":[],"class_list":["post-73196","post","type-post","status-publish","format-standard","has-post-thumbnail","hentry","category-destaque","category-geral"],"_links":{"self":[{"href":"https:\/\/www.caririemacao.com\/1\/wp-json\/wp\/v2\/posts\/73196","targetHints":{"allow":["GET"]}}],"collection":[{"href":"https:\/\/www.caririemacao.com\/1\/wp-json\/wp\/v2\/posts"}],"about":[{"href":"https:\/\/www.caririemacao.com\/1\/wp-json\/wp\/v2\/types\/post"}],"author":[{"embeddable":true,"href":"https:\/\/www.caririemacao.com\/1\/wp-json\/wp\/v2\/users\/1"}],"replies":[{"embeddable":true,"href":"https:\/\/www.caririemacao.com\/1\/wp-json\/wp\/v2\/comments?post=73196"}],"version-history":[{"count":1,"href":"https:\/\/www.caririemacao.com\/1\/wp-json\/wp\/v2\/posts\/73196\/revisions"}],"predecessor-version":[{"id":73197,"href":"https:\/\/www.caririemacao.com\/1\/wp-json\/wp\/v2\/posts\/73196\/revisions\/73197"}],"wp:featuredmedia":[{"embeddable":true,"href":"https:\/\/www.caririemacao.com\/1\/wp-json\/wp\/v2\/media\/36650"}],"wp:attachment":[{"href":"https:\/\/www.caririemacao.com\/1\/wp-json\/wp\/v2\/media?parent=73196"}],"wp:term":[{"taxonomy":"category","embeddable":true,"href":"https:\/\/www.caririemacao.com\/1\/wp-json\/wp\/v2\/categories?post=73196"},{"taxonomy":"post_tag","embeddable":true,"href":"https:\/\/www.caririemacao.com\/1\/wp-json\/wp\/v2\/tags?post=73196"}],"curies":[{"name":"wp","href":"https:\/\/api.w.org\/{rel}","templated":true}]}}