{"id":73210,"date":"2018-11-16T12:30:26","date_gmt":"2018-11-16T15:30:26","guid":{"rendered":"http:\/\/www.caririemacao.com\/1\/?p=73210"},"modified":"2018-11-16T12:30:26","modified_gmt":"2018-11-16T15:30:26","slug":"rotulos-de-cervejas-especificarao-os-ingredientes-usados-na-fabricacao","status":"publish","type":"post","link":"https:\/\/www.caririemacao.com\/1\/2018\/11\/16\/rotulos-de-cervejas-especificarao-os-ingredientes-usados-na-fabricacao\/","title":{"rendered":"R\u00f3tulos de cervejas especificar\u00e3o os ingredientes usados na fabrica\u00e7\u00e3o"},"content":{"rendered":"<p>As cervejas nacionais e importadas vendidas no Brasil ter\u00e3o, em seus r\u00f3tulos, especifica\u00e7\u00f5es mais claras sobre os ingredientes utilizados em sua fabrica\u00e7\u00e3o.<\/p>\n<p>A medida est\u00e1 prevista em instru\u00e7\u00e3o normativa do Minist\u00e9rio da Agricultura, Pecu\u00e1ria e Abastecimento (Mapa), publicada no<em>\u00a0Di\u00e1rio Oficial da Uni\u00e3o<\/em>\u00a0de hoje (16).<\/p>\n<div id=\"attachment_527636\" class=\"wp-caption aligncenter\"><img decoding=\"async\" class=\"wp-image-527636 size-full lazyload\" data-src=\"https:\/\/paraibaonline.com.br\/wp-content\/uploads\/2018\/11\/cerveja-artesanal1611.jpg\" data-srcset=\"https:\/\/paraibaonline.com.br\/wp-content\/uploads\/2018\/11\/cerveja-artesanal1611.jpg 1024w, https:\/\/paraibaonline.com.br\/wp-content\/uploads\/2018\/11\/cerveja-artesanal1611-567x378.jpg 567w, https:\/\/paraibaonline.com.br\/wp-content\/uploads\/2018\/11\/cerveja-artesanal1611-900x600.jpg 900w\" alt=\"\" src=\"data:image\/svg+xml;base64,PHN2ZyB3aWR0aD0iMSIgaGVpZ2h0PSIxIiB4bWxucz0iaHR0cDovL3d3dy53My5vcmcvMjAwMC9zdmciPjwvc3ZnPg==\" \/><\/p>\n<p class=\"wp-caption-text\">Foto: Jos\u00e9 Cruz\/Ag\u00eancia Brasil<\/p>\n<\/div>\n<p>As empresas ter\u00e3o prazo de um ano para se adequar \u00e0s novas regras previstas na instru\u00e7\u00e3o do Mapa.<\/p>\n<p>A instru\u00e7\u00e3o estabelece a \u201cobrigatoriedade de constar, de modo claro, preciso e ostensivo, na rotulagem de cervejas, as informa\u00e7\u00f5es que indiquem os ingredientes que comp\u00f5em o produto, substituindo as express\u00f5es gen\u00e9ricas \u2018cereais n\u00e3o malteados ou maltados\u2019 pela especifica\u00e7\u00e3o dos nomes dos cereais e mat\u00e9rias-primas efetivamente utilizados como adjunto cervejeiro\u201d.<\/p>\n<p>Al\u00e9m disso, a portaria prev\u00ea que os a\u00e7\u00facares utilizados na fabrica\u00e7\u00e3o da cerveja dever\u00e3o ter a denomina\u00e7\u00e3o acrescida do nome da esp\u00e9cie vegetal de origem \u2013 caso, por exemplo, do a\u00e7\u00facar de cana.<\/p>\n<p>&nbsp;<\/p>\n<p>Ag\u00eancia Brasil<\/p>\n","protected":false},"excerpt":{"rendered":"<p>As cervejas nacionais e importadas vendidas no Brasil ter\u00e3o, em seus r\u00f3tulos, especifica\u00e7\u00f5es mais claras sobre os ingredientes utilizados em sua fabrica\u00e7\u00e3o. A medida est\u00e1&hellip; <\/p>\n","protected":false},"author":1,"featured_media":24901,"comment_status":"closed","ping_status":"closed","sticky":false,"template":"","format":"standard","meta":{"sfsi_plus_gutenberg_text_before_share":"","sfsi_plus_gutenberg_show_text_before_share":"","sfsi_plus_gutenberg_icon_type":"","sfsi_plus_gutenberg_icon_alignemt":"","sfsi_plus_gutenburg_max_per_row":"","footnotes":""},"categories":[2],"tags":[],"class_list":["post-73210","post","type-post","status-publish","format-standard","has-post-thumbnail","hentry","category-geral"],"_links":{"self":[{"href":"https:\/\/www.caririemacao.com\/1\/wp-json\/wp\/v2\/posts\/73210","targetHints":{"allow":["GET"]}}],"collection":[{"href":"https:\/\/www.caririemacao.com\/1\/wp-json\/wp\/v2\/posts"}],"about":[{"href":"https:\/\/www.caririemacao.com\/1\/wp-json\/wp\/v2\/types\/post"}],"author":[{"embeddable":true,"href":"https:\/\/www.caririemacao.com\/1\/wp-json\/wp\/v2\/users\/1"}],"replies":[{"embeddable":true,"href":"https:\/\/www.caririemacao.com\/1\/wp-json\/wp\/v2\/comments?post=73210"}],"version-history":[{"count":1,"href":"https:\/\/www.caririemacao.com\/1\/wp-json\/wp\/v2\/posts\/73210\/revisions"}],"predecessor-version":[{"id":73211,"href":"https:\/\/www.caririemacao.com\/1\/wp-json\/wp\/v2\/posts\/73210\/revisions\/73211"}],"wp:featuredmedia":[{"embeddable":true,"href":"https:\/\/www.caririemacao.com\/1\/wp-json\/wp\/v2\/media\/24901"}],"wp:attachment":[{"href":"https:\/\/www.caririemacao.com\/1\/wp-json\/wp\/v2\/media?parent=73210"}],"wp:term":[{"taxonomy":"category","embeddable":true,"href":"https:\/\/www.caririemacao.com\/1\/wp-json\/wp\/v2\/categories?post=73210"},{"taxonomy":"post_tag","embeddable":true,"href":"https:\/\/www.caririemacao.com\/1\/wp-json\/wp\/v2\/tags?post=73210"}],"curies":[{"name":"wp","href":"https:\/\/api.w.org\/{rel}","templated":true}]}}