{"id":73221,"date":"2018-11-16T13:55:37","date_gmt":"2018-11-16T16:55:37","guid":{"rendered":"http:\/\/www.caririemacao.com\/1\/?p=73221"},"modified":"2018-11-16T13:55:37","modified_gmt":"2018-11-16T16:55:37","slug":"principal-cabo-eleitoral-de-bolsonaro-moro-e-exonerado-do-cargo-de-juiz","status":"publish","type":"post","link":"https:\/\/www.caririemacao.com\/1\/2018\/11\/16\/principal-cabo-eleitoral-de-bolsonaro-moro-e-exonerado-do-cargo-de-juiz\/","title":{"rendered":"PRINCIPAL CABO ELEITORAL DE BOLSONARO, MORO \u00c9 EXONERADO DO CARGO DE JUIZ"},"content":{"rendered":"<p>O juiz federal Sergio Moro pediu exonera\u00e7\u00e3o de seu cargo nesta sexta-feira (16) e a solicita\u00e7\u00e3o foi aceita pelo presidente do TRF-4 (Tribunal Regional Federal da 4\u00aa Regi\u00e3o).\u00a0Segundo o Tribunal, o ato de exonera\u00e7\u00e3o de Moro ter\u00e1 vig\u00eancia a partir de segunda-feira (19), quando ele deixar\u00e1 de ser juiz de fato. O magistrado abriu m\u00e3o do cargo para ser ministro da Justi\u00e7a do governo do presidente eleito, Jair Bolsonaro.<\/p>\n<p>Com pressa, Moro diz ter pedido a exonera\u00e7\u00e3o para que possa &#8220;assumir de imediato um cargo executivo na equipe de transi\u00e7\u00e3o da Presid\u00eancia da Rep\u00fablica e sucessivamente ao cargo de Ministro da Justi\u00e7a e da Seguran\u00e7a P\u00fablica&#8221;.<\/p>\n<p>Principal cabo eleitoral de Bolsonaro, Moro influenciou o processo eleitoral ao perseguir e manter Lula sob c\u00e1rcere. Sua indica\u00e7\u00e3o ao Minist\u00e9rio da Justi\u00e7a \u00e9 considerado por muitos analistas como &#8220;a cereja do bolo que faltava&#8221;, uma esp\u00e9cie de condecora\u00e7\u00e3o pelos servi\u00e7os prestados para a ascens\u00e3o da extrema-direita no Pa\u00eds.<\/p>\n<p><strong>Cronologia dos fatos: Moro condenou Lula sem provas\u00a0\u00a0<\/strong><\/p>\n<p>Como bem relembrou a jornalista Tereza Cruvinel, em artigo,\u00a0&#8220;\u00c9 preciso recordar que, para garantir sua condena\u00e7\u00e3o, a Lava Jato buscou caprichosamente a dela\u00e7\u00e3o de Leo Pinheiro, numa sequ\u00eancia de fatos j\u00e1 esquecidos que n\u00e3o deixam d\u00favidas sobre o objetivo: sem provas, s\u00f3 a dela\u00e7\u00e3o permitiria a condena\u00e7\u00e3o de Lula, e por decorr\u00eancia, sua inelegibilidade&#8221;.<\/p>\n<p><strong>O esc\u00e2ndalo do Habeas Corpus\u00a0<\/strong><\/p>\n<p>O juiz federal S\u00e9rgio Moro admitiu que estava fora de sua compet\u00eancia como magistrado quando atuou para manter o ex-presidente Lula preso, atropelando uma ordem judicial de soltura emitida pelo desembargador do Tribunal Regional Federal da 4\u00aa Regi\u00e3o (TR4), Rog\u00e9rio Favreto, em julho.<\/p>\n<p>Brasil 247<\/p>\n","protected":false},"excerpt":{"rendered":"<p>O juiz federal Sergio Moro pediu exonera\u00e7\u00e3o de seu cargo nesta sexta-feira (16) e a solicita\u00e7\u00e3o foi aceita pelo presidente do TRF-4 (Tribunal Regional Federal&hellip; <\/p>\n","protected":false},"author":1,"featured_media":70648,"comment_status":"closed","ping_status":"closed","sticky":false,"template":"","format":"standard","meta":{"sfsi_plus_gutenberg_text_before_share":"","sfsi_plus_gutenberg_show_text_before_share":"","sfsi_plus_gutenberg_icon_type":"","sfsi_plus_gutenberg_icon_alignemt":"","sfsi_plus_gutenburg_max_per_row":"","footnotes":""},"categories":[11],"tags":[],"class_list":["post-73221","post","type-post","status-publish","format-standard","has-post-thumbnail","hentry","category-politica"],"_links":{"self":[{"href":"https:\/\/www.caririemacao.com\/1\/wp-json\/wp\/v2\/posts\/73221","targetHints":{"allow":["GET"]}}],"collection":[{"href":"https:\/\/www.caririemacao.com\/1\/wp-json\/wp\/v2\/posts"}],"about":[{"href":"https:\/\/www.caririemacao.com\/1\/wp-json\/wp\/v2\/types\/post"}],"author":[{"embeddable":true,"href":"https:\/\/www.caririemacao.com\/1\/wp-json\/wp\/v2\/users\/1"}],"replies":[{"embeddable":true,"href":"https:\/\/www.caririemacao.com\/1\/wp-json\/wp\/v2\/comments?post=73221"}],"version-history":[{"count":1,"href":"https:\/\/www.caririemacao.com\/1\/wp-json\/wp\/v2\/posts\/73221\/revisions"}],"predecessor-version":[{"id":73222,"href":"https:\/\/www.caririemacao.com\/1\/wp-json\/wp\/v2\/posts\/73221\/revisions\/73222"}],"wp:featuredmedia":[{"embeddable":true,"href":"https:\/\/www.caririemacao.com\/1\/wp-json\/wp\/v2\/media\/70648"}],"wp:attachment":[{"href":"https:\/\/www.caririemacao.com\/1\/wp-json\/wp\/v2\/media?parent=73221"}],"wp:term":[{"taxonomy":"category","embeddable":true,"href":"https:\/\/www.caririemacao.com\/1\/wp-json\/wp\/v2\/categories?post=73221"},{"taxonomy":"post_tag","embeddable":true,"href":"https:\/\/www.caririemacao.com\/1\/wp-json\/wp\/v2\/tags?post=73221"}],"curies":[{"name":"wp","href":"https:\/\/api.w.org\/{rel}","templated":true}]}}