{"id":73223,"date":"2018-11-16T14:27:42","date_gmt":"2018-11-16T17:27:42","guid":{"rendered":"http:\/\/www.caririemacao.com\/1\/?p=73223"},"modified":"2018-11-16T14:27:42","modified_gmt":"2018-11-16T17:27:42","slug":"urgente-homem-comete-suicidio-com-cinto-dentro-da-delegacia-de-policia-de-monteiro","status":"publish","type":"post","link":"https:\/\/www.caririemacao.com\/1\/2018\/11\/16\/urgente-homem-comete-suicidio-com-cinto-dentro-da-delegacia-de-policia-de-monteiro\/","title":{"rendered":"Urgente: Homem comete suic\u00eddio com cinto dentro da delegacia de pol\u00edcia de Monteiro"},"content":{"rendered":"<p>Um homem que estava detido na 14\u00b0 Delegacia de Pol\u00edcia Civil de Monteiro foi encontrado morto no in\u00edcio da tarde desta sexta-feira (16), no interior de uma sela da delegacia.<\/p>\n<p>Conforme informa\u00e7\u00f5es preliminares, o homem cometeu o suic\u00eddio utilizando um cinto. Ele havia sido detido na manh\u00e3 desta sexta-feira, e encaminhado para 14\u00aa DSPC.<\/p>\n<p>A reportagem tentou contato com a 14\u00aa DSPC, mas at\u00e9 o fechamento desta mat\u00e9ria, n\u00e3o havia obtido \u00eaxito.<\/p>\n","protected":false},"excerpt":{"rendered":"<p>Um homem que estava detido na 14\u00b0 Delegacia de Pol\u00edcia Civil de Monteiro foi encontrado morto no in\u00edcio da tarde desta sexta-feira (16), no interior&hellip; <\/p>\n","protected":false},"author":1,"featured_media":25619,"comment_status":"closed","ping_status":"closed","sticky":false,"template":"","format":"standard","meta":{"sfsi_plus_gutenberg_text_before_share":"","sfsi_plus_gutenberg_show_text_before_share":"","sfsi_plus_gutenberg_icon_type":"","sfsi_plus_gutenberg_icon_alignemt":"","sfsi_plus_gutenburg_max_per_row":"","footnotes":""},"categories":[12],"tags":[],"class_list":["post-73223","post","type-post","status-publish","format-standard","has-post-thumbnail","hentry","category-policia"],"_links":{"self":[{"href":"https:\/\/www.caririemacao.com\/1\/wp-json\/wp\/v2\/posts\/73223","targetHints":{"allow":["GET"]}}],"collection":[{"href":"https:\/\/www.caririemacao.com\/1\/wp-json\/wp\/v2\/posts"}],"about":[{"href":"https:\/\/www.caririemacao.com\/1\/wp-json\/wp\/v2\/types\/post"}],"author":[{"embeddable":true,"href":"https:\/\/www.caririemacao.com\/1\/wp-json\/wp\/v2\/users\/1"}],"replies":[{"embeddable":true,"href":"https:\/\/www.caririemacao.com\/1\/wp-json\/wp\/v2\/comments?post=73223"}],"version-history":[{"count":1,"href":"https:\/\/www.caririemacao.com\/1\/wp-json\/wp\/v2\/posts\/73223\/revisions"}],"predecessor-version":[{"id":73224,"href":"https:\/\/www.caririemacao.com\/1\/wp-json\/wp\/v2\/posts\/73223\/revisions\/73224"}],"wp:featuredmedia":[{"embeddable":true,"href":"https:\/\/www.caririemacao.com\/1\/wp-json\/wp\/v2\/media\/25619"}],"wp:attachment":[{"href":"https:\/\/www.caririemacao.com\/1\/wp-json\/wp\/v2\/media?parent=73223"}],"wp:term":[{"taxonomy":"category","embeddable":true,"href":"https:\/\/www.caririemacao.com\/1\/wp-json\/wp\/v2\/categories?post=73223"},{"taxonomy":"post_tag","embeddable":true,"href":"https:\/\/www.caririemacao.com\/1\/wp-json\/wp\/v2\/tags?post=73223"}],"curies":[{"name":"wp","href":"https:\/\/api.w.org\/{rel}","templated":true}]}}