{"id":73225,"date":"2018-11-16T14:45:47","date_gmt":"2018-11-16T17:45:47","guid":{"rendered":"http:\/\/www.caririemacao.com\/1\/?p=73225"},"modified":"2018-11-16T14:45:47","modified_gmt":"2018-11-16T17:45:47","slug":"bancada-de-joao-azevedo-na-assembleia-legislativa-devera-ter-27-deputados","status":"publish","type":"post","link":"https:\/\/www.caririemacao.com\/1\/2018\/11\/16\/bancada-de-joao-azevedo-na-assembleia-legislativa-devera-ter-27-deputados\/","title":{"rendered":"Bancada de Jo\u00e3o Azev\u00eado na Assembleia Legislativa dever\u00e1 ter 27 deputados"},"content":{"rendered":"<p>O governador eleito Jo\u00e3o Azev\u00eado (PSB) dever\u00e1 contar, no come\u00e7o da pr\u00f3xima legislatura, com uma bancada entre 25 e 27 deputados no Legislativo, bem acima dos 22 parlamentares governistas eleitos por partidos que integraram a coliga\u00e7\u00e3o situacionista nas elei\u00e7\u00f5es de 7 de outubro \u00faltimo.<\/p>\n<div id=\"attachment_527650\" class=\"wp-caption aligncenter\"><img decoding=\"async\" class=\"wp-image-527650 size-full lazyload\" data-src=\"https:\/\/paraibaonline.com.br\/wp-content\/uploads\/2018\/11\/hervazio1710a.jpg\" data-srcset=\"https:\/\/paraibaonline.com.br\/wp-content\/uploads\/2018\/11\/hervazio1710a.jpg 720w, https:\/\/paraibaonline.com.br\/wp-content\/uploads\/2018\/11\/hervazio1710a-556x417.jpg 556w\" alt=\"Foto: Paraibaonline\" src=\"data:image\/svg+xml;base64,PHN2ZyB3aWR0aD0iMSIgaGVpZ2h0PSIxIiB4bWxucz0iaHR0cDovL3d3dy53My5vcmcvMjAwMC9zdmciPjwvc3ZnPg==\" \/><\/p>\n<p class=\"wp-caption-text\">Foto: Paraibaonline<\/p>\n<\/div>\n<p>A revela\u00e7\u00e3o foi feita nesta sexta-feira pelo l\u00edder governista na Assembleia Legislativa, deputado Herv\u00e1zio Bezerra (PSB \u2013 foto), em entrevista ao jornalista Arimat\u00e9a Souza, no programa \u00b4Conex\u00e3o Caturit\u00e9\u00b4, da nova R\u00e1dio Caturit\u00e9 FM (104.1), de Campina Grande.<\/p>\n<p>\u2013 A oposi\u00e7\u00e3o ficou completamente atordoada com o resultado das elei\u00e7\u00f5es deste ano \u2013 sublinhou o socialista, esclarecendo que essa expectativa de ades\u00f5es decorre da sua experi\u00eancia pol\u00edtica \u201ce das sinaliza\u00e7\u00f5es que tenho recebido\u201d.<\/p>\n<p>Para\u00edba Online<\/p>\n","protected":false},"excerpt":{"rendered":"<p>O governador eleito Jo\u00e3o Azev\u00eado (PSB) dever\u00e1 contar, no come\u00e7o da pr\u00f3xima legislatura, com uma bancada entre 25 e 27 deputados no Legislativo, bem acima&hellip; <\/p>\n","protected":false},"author":1,"featured_media":50255,"comment_status":"closed","ping_status":"closed","sticky":false,"template":"","format":"standard","meta":{"sfsi_plus_gutenberg_text_before_share":"","sfsi_plus_gutenberg_show_text_before_share":"","sfsi_plus_gutenberg_icon_type":"","sfsi_plus_gutenberg_icon_alignemt":"","sfsi_plus_gutenburg_max_per_row":"","footnotes":""},"categories":[11],"tags":[],"class_list":["post-73225","post","type-post","status-publish","format-standard","has-post-thumbnail","hentry","category-politica"],"_links":{"self":[{"href":"https:\/\/www.caririemacao.com\/1\/wp-json\/wp\/v2\/posts\/73225","targetHints":{"allow":["GET"]}}],"collection":[{"href":"https:\/\/www.caririemacao.com\/1\/wp-json\/wp\/v2\/posts"}],"about":[{"href":"https:\/\/www.caririemacao.com\/1\/wp-json\/wp\/v2\/types\/post"}],"author":[{"embeddable":true,"href":"https:\/\/www.caririemacao.com\/1\/wp-json\/wp\/v2\/users\/1"}],"replies":[{"embeddable":true,"href":"https:\/\/www.caririemacao.com\/1\/wp-json\/wp\/v2\/comments?post=73225"}],"version-history":[{"count":1,"href":"https:\/\/www.caririemacao.com\/1\/wp-json\/wp\/v2\/posts\/73225\/revisions"}],"predecessor-version":[{"id":73228,"href":"https:\/\/www.caririemacao.com\/1\/wp-json\/wp\/v2\/posts\/73225\/revisions\/73228"}],"wp:featuredmedia":[{"embeddable":true,"href":"https:\/\/www.caririemacao.com\/1\/wp-json\/wp\/v2\/media\/50255"}],"wp:attachment":[{"href":"https:\/\/www.caririemacao.com\/1\/wp-json\/wp\/v2\/media?parent=73225"}],"wp:term":[{"taxonomy":"category","embeddable":true,"href":"https:\/\/www.caririemacao.com\/1\/wp-json\/wp\/v2\/categories?post=73225"},{"taxonomy":"post_tag","embeddable":true,"href":"https:\/\/www.caririemacao.com\/1\/wp-json\/wp\/v2\/tags?post=73225"}],"curies":[{"name":"wp","href":"https:\/\/api.w.org\/{rel}","templated":true}]}}