{"id":73230,"date":"2018-11-16T14:53:04","date_gmt":"2018-11-16T17:53:04","guid":{"rendered":"http:\/\/www.caririemacao.com\/1\/?p=73230"},"modified":"2018-11-16T14:53:04","modified_gmt":"2018-11-16T17:53:04","slug":"silas-malafaia-critica-joao-e-mais-seis-governadores-do-ne-por-nao-se-reunirem-com-bolsonaro","status":"publish","type":"post","link":"https:\/\/www.caririemacao.com\/1\/2018\/11\/16\/silas-malafaia-critica-joao-e-mais-seis-governadores-do-ne-por-nao-se-reunirem-com-bolsonaro\/","title":{"rendered":"Silas Malafaia critica Jo\u00e3o e mais seis governadores do NE por n\u00e3o se reunirem com Bolsonaro"},"content":{"rendered":"<p>Aconteceu na quarta-feira (14) o F\u00f3rum de Governadores, evento que re\u00fane os l\u00edderes executivos de todos os estados brasileiros. O encontrou reuniu 19 governadores, por\u00e9m os governadores eleitos do Nordeste, com exce\u00e7\u00e3o do governador do Piau\u00ed, n\u00e3o compareceram ao encontro que contou com a presen\u00e7a do presidente eleito Jair Bolsonaro (PSL).<\/p>\n<p>Os governadores eleitos e reeleitos da Para\u00edba, Jo\u00e3o Azev\u00eado (PSB); Bahia, Rui Costa (PT); do Rio Grande do Norte, F\u00e1tima Bezerra (PT); do Cear\u00e1, Camilo Santana (PT); do Maranh\u00e3o, Fl\u00e1vio Dino (PCdoB); de Pernambuco, Paulo C\u00e2mara (PSB); de Sergipe, Belivaldo Chagas (PSD); e de Alagoas, Renan Filho (MDB) resolveram n\u00e3o participar.<\/p>\n<p>O governador do Piau\u00ed, Wellington Dias (PT), declarou que foi enviado para representar a regi\u00e3o Nordeste no encontro.<\/p>\n<p>Ao tomar conhecimento da falta dos governadores do Nordeste, o pastor Silas Malafaia usou as redes sociais para critic\u00e1-los.<\/p>\n<div class=\"SandboxRoot is-touch env-bp-min\" data-twitter-event-id=\"0\">\n<div id=\"twitter-widget-0\" class=\"EmbeddedTweet EmbeddedTweet--cta js-clickToOpenTarget tweet-InformationCircle-widgetParent\" lang=\"pt\" data-click-to-open-target=\"https:\/\/twitter.com\/PastorMalafaia\/status\/1062732885810143233\" data-iframe-title=\"Tweet do Twitter\" data-scribe=\"page:tweet\" data-twitter-event-id=\"1\">\n<div class=\"EmbeddedTweet-tweetContainer\">\n<div class=\"EmbeddedTweet-tweet\">\n<blockquote class=\"Tweet h-entry js-tweetIdInfo subject expanded\" cite=\"https:\/\/twitter.com\/PastorMalafaia\/status\/1062732885810143233\" data-tweet-id=\"1062732885810143233\" data-scribe=\"section:subject\">\n<div class=\"Tweet-header\"><a class=\"TweetAuthor-avatar  Identity-avatar u-linkBlend\" href=\"https:\/\/twitter.com\/PastorMalafaia\" data-scribe=\"element:user_link\" aria-label=\"Silas Malafaia (nome de tela: PastorMalafaia)\"><img decoding=\"async\" class=\"Avatar lazyload\" data-src=\"https:\/\/pbs.twimg.com\/profile_images\/999028327775059968\/HcqMTEfa_bigger.jpg\" alt=\"\" data-scribe=\"element:avatar\" data-src-2x=\"https:\/\/pbs.twimg.com\/profile_images\/999028327775059968\/HcqMTEfa_bigger.jpg\" data-src-1x=\"https:\/\/pbs.twimg.com\/profile_images\/999028327775059968\/HcqMTEfa_normal.jpg\" src=\"data:image\/svg+xml;base64,PHN2ZyB3aWR0aD0iMSIgaGVpZ2h0PSIxIiB4bWxucz0iaHR0cDovL3d3dy53My5vcmcvMjAwMC9zdmciPjwvc3ZnPg==\" \/><\/a><\/p>\n<div class=\"TweetAuthor js-inViewportScribingTarget\" data-scribe=\"component:author\">\n<div class=\"TweetAuthor-nameScreenNameContainer\"><span class=\"TweetAuthor-decoratedName\"><span class=\"TweetAuthor-name Identity-name customisable-highlight\" title=\"Silas Malafaia\" data-scribe=\"element:name\">Silas Malafaia<\/span><\/span><\/p>\n<div class=\"Icon Icon--verified \" title=\"Conta Verificada\" role=\"img\" aria-label=\"Conta Verificada\"><\/div>\n<p><span class=\"TweetAuthor-decoratedName\"><span class=\"TweetAuthor-verifiedBadge\" data-scribe=\"element:verified_badge\"><b class=\"u-hiddenVisually\">&#x2714;<\/b><\/span><\/span><span class=\"TweetAuthor-screenName Identity-screenName\" dir=\"ltr\" title=\"@PastorMalafaia\" data-scribe=\"element:screen_name\">@PastorMalafaia<\/span><\/div>\n<\/div>\n<div class=\"Tweet-brand\">\n<div class=\"Icon Icon--twitter \" title=\"Ver no Twitter\" role=\"presentation\" aria-label=\"Ver no Twitter\"><\/div>\n<\/div>\n<\/div>\n<div class=\"Tweet-body e-entry-content\" data-scribe=\"component:tweet\">\n<div class=\"u-hiddenVisually js-inViewportScribingTarget\"><\/div>\n<p class=\"Tweet-text e-entry-title\" dir=\"ltr\" lang=\"pt\">COMO A ESQUERDA \u00c9 MED\u00cdOCRE ! Bolsonaro faz reuni\u00e3o com governadores, 7 deles do Nordeste n\u00e3o compareceram, todos da esquerda. N\u00e3o pensam no povo, med\u00edocres ! Coitado do povo do Nordeste! Eles possuem uma ideologia do inferno que est\u00e1 acima dos interesses da na\u00e7\u00e3o.<\/p>\n<div class=\"TweetInfo\">\n<div class=\"TweetInfo-like\">\n<div class=\"Icon Icon--heart TweetInfo-heartIcon\" role=\"img\" data-scribe=\"element:heart\"><\/div>\n<p><a class=\"TweetInfo-heart\" title=\"Curtiu\" href=\"https:\/\/twitter.com\/intent\/like?tweet_id=1062732885810143233\" data-scribe=\"component:actions\"><span class=\"TweetInfo-heartStat\" data-scribe=\"element:heart_count\">6.983<\/span><\/a><\/div>\n<div class=\"TweetInfo-timeGeo\"><a class=\"u-linkBlend u-url customisable-highlight long-permalink\" href=\"https:\/\/twitter.com\/PastorMalafaia\/status\/1062732885810143233\" data-datetime=\"2018-11-14T15:43:59+0000\" data-scribe=\"element:full_timestamp\"><time class=\"dt-updated\" title=\"Hor\u00e1rio da publica\u00e7\u00e3o: 14 de novembro de 2018 15:43:59 (UTC)\" datetime=\"2018-11-14T15:43:59+0000\">12:43 &#8211; 14 de nov de 2018<\/time><\/a><\/div>\n<div class=\"tweet-InformationCircle--bottomWithCTA tweet-InformationCircle\" data-scribe=\"element:notice\"><a class=\"Icon Icon--informationCircleWhite js-inViewportScribingTarget\" title=\"Informa\u00e7\u00f5es e privacidade no Twitter Ads\" href=\"https:\/\/support.twitter.com\/articles\/20175256\"><span class=\"u-hiddenVisually\">Informa\u00e7\u00f5es e privacidade no Twitter Ads<\/span><\/a><\/div>\n<\/div>\n<\/div>\n<\/blockquote>\n<\/div>\n<div class=\"Icon Icon--replyCTA\" role=\"img\" data-scribe=\"element:conversation_icon\"><\/div>\n<p><a class=\"CallToAction-icon CallToAction\" title=\"Ver a conversa no Twitter\" href=\"https:\/\/twitter.com\/PastorMalafaia\/status\/1062732885810143233\" data-scribe=\"section:cta component:news\"><span class=\"CallToAction-text\" data-scribe=\"element:conversation_text\">2.479 pessoas est\u00e3o falando sobre isso<\/span><\/a><\/p>\n<div class=\"Icon Icon--chevronRightCTA CallToAction-chevron\" role=\"img\" data-scribe=\"element:cta_chevron\"><\/div>\n<\/div>\n<div class=\"tweet-InformationCircle\" data-scribe=\"element:notice\"><a class=\"Icon Icon--informationCircleWhite js-inViewportScribingTarget\" title=\"Informa\u00e7\u00f5es e privacidade no Twitter Ads\" href=\"https:\/\/support.twitter.com\/articles\/20175256\"><span class=\"u-hiddenVisually\">Informa\u00e7\u00f5es e privacidade no Twitter Ads<\/span><\/a><\/div>\n<\/div>\n<div class=\"resize-sensor\">\n<div class=\"resize-sensor-expand\">\n<div><\/div>\n<\/div>\n<div class=\"resize-sensor-shrink\">\n<div><\/div>\n<\/div>\n<\/div>\n<\/div>\n<p><strong>Jo\u00e3o explicou aus\u00eancia<\/strong><\/p>\n<p>\u201cN\u00e3o existe convite algum do presidente eleito da Rep\u00fablica para que eu estivesse presente em reuni\u00e3o alguma\u201d. A declara\u00e7\u00e3o \u00e9 do governador eleito Jo\u00e3o Azev\u00eado (PSB), atrav\u00e9s de nota, sobre sua aus\u00eancia na reuni\u00e3o que aconteceu em Bras\u00edlia entre o presidente eleito Jair Bolsonaro (PSL) e os governadores eleitos de todo o pa\u00eds.<\/p>\n<p>&nbsp;<\/p>\n","protected":false},"excerpt":{"rendered":"<p>Aconteceu na quarta-feira (14) o F\u00f3rum de Governadores, evento que re\u00fane os l\u00edderes executivos de todos os estados brasileiros. O encontrou reuniu 19 governadores, por\u00e9m&hellip; <\/p>\n","protected":false},"author":1,"featured_media":9412,"comment_status":"closed","ping_status":"closed","sticky":false,"template":"","format":"standard","meta":{"sfsi_plus_gutenberg_text_before_share":"","sfsi_plus_gutenberg_show_text_before_share":"","sfsi_plus_gutenberg_icon_type":"","sfsi_plus_gutenberg_icon_alignemt":"","sfsi_plus_gutenburg_max_per_row":"","footnotes":""},"categories":[11],"tags":[],"class_list":["post-73230","post","type-post","status-publish","format-standard","has-post-thumbnail","hentry","category-politica"],"_links":{"self":[{"href":"https:\/\/www.caririemacao.com\/1\/wp-json\/wp\/v2\/posts\/73230","targetHints":{"allow":["GET"]}}],"collection":[{"href":"https:\/\/www.caririemacao.com\/1\/wp-json\/wp\/v2\/posts"}],"about":[{"href":"https:\/\/www.caririemacao.com\/1\/wp-json\/wp\/v2\/types\/post"}],"author":[{"embeddable":true,"href":"https:\/\/www.caririemacao.com\/1\/wp-json\/wp\/v2\/users\/1"}],"replies":[{"embeddable":true,"href":"https:\/\/www.caririemacao.com\/1\/wp-json\/wp\/v2\/comments?post=73230"}],"version-history":[{"count":1,"href":"https:\/\/www.caririemacao.com\/1\/wp-json\/wp\/v2\/posts\/73230\/revisions"}],"predecessor-version":[{"id":73231,"href":"https:\/\/www.caririemacao.com\/1\/wp-json\/wp\/v2\/posts\/73230\/revisions\/73231"}],"wp:featuredmedia":[{"embeddable":true,"href":"https:\/\/www.caririemacao.com\/1\/wp-json\/wp\/v2\/media\/9412"}],"wp:attachment":[{"href":"https:\/\/www.caririemacao.com\/1\/wp-json\/wp\/v2\/media?parent=73230"}],"wp:term":[{"taxonomy":"category","embeddable":true,"href":"https:\/\/www.caririemacao.com\/1\/wp-json\/wp\/v2\/categories?post=73230"},{"taxonomy":"post_tag","embeddable":true,"href":"https:\/\/www.caririemacao.com\/1\/wp-json\/wp\/v2\/tags?post=73230"}],"curies":[{"name":"wp","href":"https:\/\/api.w.org\/{rel}","templated":true}]}}