{"id":73234,"date":"2018-11-16T15:20:29","date_gmt":"2018-11-16T18:20:29","guid":{"rendered":"http:\/\/www.caririemacao.com\/1\/?p=73234"},"modified":"2018-11-16T15:20:29","modified_gmt":"2018-11-16T18:20:29","slug":"prefeitura-da-prata-faz-reforma-do-dessalinizador","status":"publish","type":"post","link":"https:\/\/www.caririemacao.com\/1\/2018\/11\/16\/prefeitura-da-prata-faz-reforma-do-dessalinizador\/","title":{"rendered":"Prefeitura da Prata faz reforma do Dessalinizador"},"content":{"rendered":"<div>A prefeitura da Prata atrav\u00e9s da secretaria de infraestrutura est\u00e1 fazendo uma reforma no dessalinizador, tendo em vista que toda sua estrutura estava apresentando rachaduras e outros problemas,como tamb\u00e9m ser\u00e1 feita limpeza e manuten\u00e7\u00e3o nos equipamentos, pois o mesmo est\u00e1 em funcionamento a mais de 15 anos e se faz necess\u00e1rio revis\u00f5es peri\u00f3dicas, visando oferecer \u00e1gua de qualidade a popula\u00e7\u00e3o.<\/div>\n<div><\/div>\n<div>O prefeito J\u00fanior N\u00f3brega vem comunicar a popula\u00e7\u00e3o do munic\u00edpio que est\u00e3o em detalhes finais para ser inaugurado o mais moderno sistema de dessalinizador que est\u00e1 instalado junto ao Estadio de futebol O Gonzag\u00e3o, e tem mais 2 a serem iniciados as obras que s\u00e3o nas comunidades: S\u00edtio do Melo e S\u00edtio S\u00e3o Francisco, atendendo n\u00e3o s\u00f3 a zona urbana mais tamb\u00e9m a zona rural.<\/div>\n<div><\/div>\n<div>\u00c9 o nosso compromisso em est\u00e1 sempre em busca de projetos que atendam os anseios da popula\u00e7\u00e3o, comentou o prefeito J\u00fanior N\u00f3brega.<\/div>\n<div><\/div>\n<div>Pediu tamb\u00e9m e agradeceu a compreens\u00e3o da popula\u00e7\u00e3o e disse que tudo est\u00e1 sendo feito com a maior agilidade poss\u00edvel.<\/div>\n<div><\/div>\n<div class=\"separator\"><a href=\"https:\/\/1.bp.blogspot.com\/-uoaMmYrDgM0\/W-8HuaN54FI\/AAAAAAABREs\/FkbYEIEIjI8z89CQ639b8PxS8G62PPUCACLcBGAs\/s1600\/20181116_110321.jpg\"><img fetchpriority=\"high\" decoding=\"async\" src=\"https:\/\/1.bp.blogspot.com\/-uoaMmYrDgM0\/W-8HuaN54FI\/AAAAAAABREs\/FkbYEIEIjI8z89CQ639b8PxS8G62PPUCACLcBGAs\/s320\/20181116_110321.jpg\" width=\"320\" height=\"240\" border=\"0\" data-original-height=\"1200\" data-original-width=\"1600\" \/><\/a><\/div>\n<p>&nbsp;<\/p>\n<div class=\"separator\"><a href=\"https:\/\/1.bp.blogspot.com\/-bxA-syQ0V7o\/W-8HyIe_8QI\/AAAAAAABREw\/ABjVcqVjHYYXLmOkgW2yGyKLRxlF5pKTwCLcBGAs\/s1600\/20181116_110304.jpg\"><img decoding=\"async\" data-src=\"https:\/\/1.bp.blogspot.com\/-bxA-syQ0V7o\/W-8HyIe_8QI\/AAAAAAABREw\/ABjVcqVjHYYXLmOkgW2yGyKLRxlF5pKTwCLcBGAs\/s320\/20181116_110304.jpg\" width=\"320\" height=\"240\" border=\"0\" data-original-height=\"1200\" data-original-width=\"1600\" src=\"data:image\/svg+xml;base64,PHN2ZyB3aWR0aD0iMSIgaGVpZ2h0PSIxIiB4bWxucz0iaHR0cDovL3d3dy53My5vcmcvMjAwMC9zdmciPjwvc3ZnPg==\" class=\"lazyload\" style=\"--smush-placeholder-width: 320px; --smush-placeholder-aspect-ratio: 320\/240;\" \/><\/a><\/div>\n<p>&nbsp;<\/p>\n<div class=\"separator\"><a href=\"https:\/\/2.bp.blogspot.com\/-sIHH7b15xHU\/W-8H2EgOoCI\/AAAAAAABRE0\/41uA_7ZYRH8GINqwyTWSIURXmPdl-S-rgCLcBGAs\/s1600\/20181116_110258.jpg\"><img decoding=\"async\" data-src=\"https:\/\/2.bp.blogspot.com\/-sIHH7b15xHU\/W-8H2EgOoCI\/AAAAAAABRE0\/41uA_7ZYRH8GINqwyTWSIURXmPdl-S-rgCLcBGAs\/s320\/20181116_110258.jpg\" width=\"320\" height=\"240\" border=\"0\" data-original-height=\"1200\" data-original-width=\"1600\" src=\"data:image\/svg+xml;base64,PHN2ZyB3aWR0aD0iMSIgaGVpZ2h0PSIxIiB4bWxucz0iaHR0cDovL3d3dy53My5vcmcvMjAwMC9zdmciPjwvc3ZnPg==\" class=\"lazyload\" style=\"--smush-placeholder-width: 320px; --smush-placeholder-aspect-ratio: 320\/240;\" \/><\/a><\/div>\n<div><\/div>\n<div>Ascom\/Prata<\/div>\n","protected":false},"excerpt":{"rendered":"<p>A prefeitura da Prata atrav\u00e9s da secretaria de infraestrutura est\u00e1 fazendo uma reforma no dessalinizador, tendo em vista que toda sua estrutura estava apresentando rachaduras&hellip; <\/p>\n","protected":false},"author":1,"featured_media":73235,"comment_status":"closed","ping_status":"closed","sticky":false,"template":"","format":"standard","meta":{"sfsi_plus_gutenberg_text_before_share":"","sfsi_plus_gutenberg_show_text_before_share":"","sfsi_plus_gutenberg_icon_type":"","sfsi_plus_gutenberg_icon_alignemt":"","sfsi_plus_gutenburg_max_per_row":"","footnotes":""},"categories":[6],"tags":[],"class_list":["post-73234","post","type-post","status-publish","format-standard","has-post-thumbnail","hentry","category-cidades"],"_links":{"self":[{"href":"https:\/\/www.caririemacao.com\/1\/wp-json\/wp\/v2\/posts\/73234","targetHints":{"allow":["GET"]}}],"collection":[{"href":"https:\/\/www.caririemacao.com\/1\/wp-json\/wp\/v2\/posts"}],"about":[{"href":"https:\/\/www.caririemacao.com\/1\/wp-json\/wp\/v2\/types\/post"}],"author":[{"embeddable":true,"href":"https:\/\/www.caririemacao.com\/1\/wp-json\/wp\/v2\/users\/1"}],"replies":[{"embeddable":true,"href":"https:\/\/www.caririemacao.com\/1\/wp-json\/wp\/v2\/comments?post=73234"}],"version-history":[{"count":1,"href":"https:\/\/www.caririemacao.com\/1\/wp-json\/wp\/v2\/posts\/73234\/revisions"}],"predecessor-version":[{"id":73236,"href":"https:\/\/www.caririemacao.com\/1\/wp-json\/wp\/v2\/posts\/73234\/revisions\/73236"}],"wp:featuredmedia":[{"embeddable":true,"href":"https:\/\/www.caririemacao.com\/1\/wp-json\/wp\/v2\/media\/73235"}],"wp:attachment":[{"href":"https:\/\/www.caririemacao.com\/1\/wp-json\/wp\/v2\/media?parent=73234"}],"wp:term":[{"taxonomy":"category","embeddable":true,"href":"https:\/\/www.caririemacao.com\/1\/wp-json\/wp\/v2\/categories?post=73234"},{"taxonomy":"post_tag","embeddable":true,"href":"https:\/\/www.caririemacao.com\/1\/wp-json\/wp\/v2\/tags?post=73234"}],"curies":[{"name":"wp","href":"https:\/\/api.w.org\/{rel}","templated":true}]}}