{"id":73243,"date":"2018-11-16T15:51:18","date_gmt":"2018-11-16T18:51:18","guid":{"rendered":"http:\/\/www.caririemacao.com\/1\/?p=73243"},"modified":"2018-11-16T15:51:18","modified_gmt":"2018-11-16T18:51:18","slug":"selecao-de-amparo-participou-de-amistoso-beneficente-contra-o-sao-paulo-de-sao-joao-do-cariri","status":"publish","type":"post","link":"https:\/\/www.caririemacao.com\/1\/2018\/11\/16\/selecao-de-amparo-participou-de-amistoso-beneficente-contra-o-sao-paulo-de-sao-joao-do-cariri\/","title":{"rendered":"Sele\u00e7\u00e3o de Amparo participou de Amistoso beneficente contra o S\u00e3o Paulo de S\u00e3o Jo\u00e3o do Cariri"},"content":{"rendered":"<p style=\"font-weight: 400;\">A equipe do Amparo Atl\u00e9tico Clube foi a s\u00e3o Jo\u00e3o do Cariri participar de um amistoso Beneficente contra a equipe do S\u00e3o Paulo.<\/p>\n<p style=\"font-weight: 400;\">Em gesto de companheirismo e solidariedade, a equipe s\u00e3o-paulina resolveu ter a iniciativa de ajudar os familiares do ex-desportista &#8220;Roseira&#8221; (In memorian) da cidade de Amparo. Os dirigentes das equipes do S\u00e3o Paulo e do Atl\u00e9tico de Amparo articularam e tiveram a ideia de realizar o jogo amistoso para arrecadar alimentos e ajuda financeira para os familiares.<\/p>\n<p style=\"font-weight: 400;\"><img fetchpriority=\"high\" decoding=\"async\" class=\"alignnone wp-image-73245 size-full\" src=\"http:\/\/www.caririemacao.com\/1\/wp-content\/uploads\/2018\/11\/S\u00c3O-PAULO.jpg\" alt=\"\" width=\"1573\" height=\"891\" srcset=\"https:\/\/www.caririemacao.com\/1\/wp-content\/uploads\/2018\/11\/S\u00c3O-PAULO.jpg 1573w, https:\/\/www.caririemacao.com\/1\/wp-content\/uploads\/2018\/11\/S\u00c3O-PAULO-300x170.jpg 300w, https:\/\/www.caririemacao.com\/1\/wp-content\/uploads\/2018\/11\/S\u00c3O-PAULO-768x435.jpg 768w, https:\/\/www.caririemacao.com\/1\/wp-content\/uploads\/2018\/11\/S\u00c3O-PAULO-1024x580.jpg 1024w\" sizes=\"(max-width: 1573px) 100vw, 1573px\" \/><\/p>\n<p style=\"font-weight: 400;\">Com a bola rolando, a equipe s\u00e3o-paulina foi superior durante toda a partida, tendo a maioria de seus atletas que atuam pela equipe s\u00e3ojoense. O resultado acabou ficando em 2 x 0 para equipe do S\u00e3o Paulo. Os gols da partida foram marcados por Diego e Fidelis.<\/p>\n<p style=\"font-weight: 400;\">Tivemos tamb\u00e9m a partida preliminar entre a Equipe B do Amparo Atl\u00e9tico Clube contra o Sub-20 do S\u00e3o Paulo, partida que acabou 1&#215;0 para a equipe Amparense, gol marcado por Renato.<\/p>\n<p style=\"font-weight: 400;\">Desde j\u00e1, a diretoria do S\u00e3o Paulo agradece a presen\u00e7a dos desportistas e torcedores que prestigiaram a partida no est\u00e1dio municipal em S\u00e3o Jo\u00e3o do Cariri. E \u00e1 todos que colaboraram e fizeram seu gesto de solidariedade aos amigos desportistas da cidade de Amparo.<\/p>\n<p style=\"font-weight: 400; text-align: right;\"><strong><em>Cariri Esporte\/<\/em><em>Fotos: Guiga Moura<\/em><\/strong><\/p>\n","protected":false},"excerpt":{"rendered":"<p>A equipe do Amparo Atl\u00e9tico Clube foi a s\u00e3o Jo\u00e3o do Cariri participar de um amistoso Beneficente contra a equipe do S\u00e3o Paulo. Em gesto&hellip; <\/p>\n","protected":false},"author":1,"featured_media":73244,"comment_status":"closed","ping_status":"closed","sticky":false,"template":"","format":"standard","meta":{"sfsi_plus_gutenberg_text_before_share":"","sfsi_plus_gutenberg_show_text_before_share":"","sfsi_plus_gutenberg_icon_type":"","sfsi_plus_gutenberg_icon_alignemt":"","sfsi_plus_gutenburg_max_per_row":"","footnotes":""},"categories":[13],"tags":[],"class_list":["post-73243","post","type-post","status-publish","format-standard","has-post-thumbnail","hentry","category-esportes"],"_links":{"self":[{"href":"https:\/\/www.caririemacao.com\/1\/wp-json\/wp\/v2\/posts\/73243","targetHints":{"allow":["GET"]}}],"collection":[{"href":"https:\/\/www.caririemacao.com\/1\/wp-json\/wp\/v2\/posts"}],"about":[{"href":"https:\/\/www.caririemacao.com\/1\/wp-json\/wp\/v2\/types\/post"}],"author":[{"embeddable":true,"href":"https:\/\/www.caririemacao.com\/1\/wp-json\/wp\/v2\/users\/1"}],"replies":[{"embeddable":true,"href":"https:\/\/www.caririemacao.com\/1\/wp-json\/wp\/v2\/comments?post=73243"}],"version-history":[{"count":2,"href":"https:\/\/www.caririemacao.com\/1\/wp-json\/wp\/v2\/posts\/73243\/revisions"}],"predecessor-version":[{"id":73247,"href":"https:\/\/www.caririemacao.com\/1\/wp-json\/wp\/v2\/posts\/73243\/revisions\/73247"}],"wp:featuredmedia":[{"embeddable":true,"href":"https:\/\/www.caririemacao.com\/1\/wp-json\/wp\/v2\/media\/73244"}],"wp:attachment":[{"href":"https:\/\/www.caririemacao.com\/1\/wp-json\/wp\/v2\/media?parent=73243"}],"wp:term":[{"taxonomy":"category","embeddable":true,"href":"https:\/\/www.caririemacao.com\/1\/wp-json\/wp\/v2\/categories?post=73243"},{"taxonomy":"post_tag","embeddable":true,"href":"https:\/\/www.caririemacao.com\/1\/wp-json\/wp\/v2\/tags?post=73243"}],"curies":[{"name":"wp","href":"https:\/\/api.w.org\/{rel}","templated":true}]}}