{"id":73248,"date":"2018-11-16T16:13:43","date_gmt":"2018-11-16T19:13:43","guid":{"rendered":"http:\/\/www.caririemacao.com\/1\/?p=73248"},"modified":"2018-11-16T16:13:43","modified_gmt":"2018-11-16T19:13:43","slug":"padre-insinua-que-daniella-praticou-pecado-eleitoral-e-ameaca-acao-na-justica","status":"publish","type":"post","link":"https:\/\/www.caririemacao.com\/1\/2018\/11\/16\/padre-insinua-que-daniella-praticou-pecado-eleitoral-e-ameaca-acao-na-justica\/","title":{"rendered":"Padre insinua que Daniella praticou \u00b4pecado eleitoral\u00b4 e amea\u00e7a a\u00e7\u00e3o na Justi\u00e7a"},"content":{"rendered":"<p>O deputado federal, Luiz Couto (PT), que n\u00e3o obteve \u00eaxito nas elei\u00e7\u00f5es do dia 7 e outubro ao disputar uma cadeira para o Senado Federal, ainda inconformado com os resultados das urnas, amea\u00e7ou durante entrevista concedida na Capital, que vai entrar com uma a\u00e7\u00e3o eleitoral contra a deputada Daniella Ribeiro (PP), eleita em segundo lugar para o Senado com 831.701 votos.<\/p>\n<p>Couto obteve 792.420 votos ficando em terceiro lugar. Com 844.786 voto, o primeiro lugar ficou com o deputado federal, Veneziano Vital do Rego (PSB).<\/p>\n<p>O petista disse na entrevista que pretende acionar o Minist\u00e9rio P\u00fablico Eleitoral sob alega\u00e7\u00e3o do abuso do poder econ\u00f4mico contra a deputada estadual.<\/p>\n<p>O deputado estranhou o fato que estava muito bem nas pesquisas antes do domingo das elei\u00e7\u00f5es e, de repente, o jogo virou ao abrir as urnas.<\/p>\n<p style=\"text-align: right;\"><em><strong>Para\u00edba Online\/Foto: Reprodu\u00e7\u00e3o\u00a0<\/strong><\/em><\/p>\n","protected":false},"excerpt":{"rendered":"<p>O deputado federal, Luiz Couto (PT), que n\u00e3o obteve \u00eaxito nas elei\u00e7\u00f5es do dia 7 e outubro ao disputar uma cadeira para o Senado Federal,&hellip; <\/p>\n","protected":false},"author":1,"featured_media":73249,"comment_status":"closed","ping_status":"closed","sticky":false,"template":"","format":"standard","meta":{"sfsi_plus_gutenberg_text_before_share":"","sfsi_plus_gutenberg_show_text_before_share":"","sfsi_plus_gutenberg_icon_type":"","sfsi_plus_gutenberg_icon_alignemt":"","sfsi_plus_gutenburg_max_per_row":"","footnotes":""},"categories":[11],"tags":[],"class_list":["post-73248","post","type-post","status-publish","format-standard","has-post-thumbnail","hentry","category-politica"],"_links":{"self":[{"href":"https:\/\/www.caririemacao.com\/1\/wp-json\/wp\/v2\/posts\/73248","targetHints":{"allow":["GET"]}}],"collection":[{"href":"https:\/\/www.caririemacao.com\/1\/wp-json\/wp\/v2\/posts"}],"about":[{"href":"https:\/\/www.caririemacao.com\/1\/wp-json\/wp\/v2\/types\/post"}],"author":[{"embeddable":true,"href":"https:\/\/www.caririemacao.com\/1\/wp-json\/wp\/v2\/users\/1"}],"replies":[{"embeddable":true,"href":"https:\/\/www.caririemacao.com\/1\/wp-json\/wp\/v2\/comments?post=73248"}],"version-history":[{"count":1,"href":"https:\/\/www.caririemacao.com\/1\/wp-json\/wp\/v2\/posts\/73248\/revisions"}],"predecessor-version":[{"id":73250,"href":"https:\/\/www.caririemacao.com\/1\/wp-json\/wp\/v2\/posts\/73248\/revisions\/73250"}],"wp:featuredmedia":[{"embeddable":true,"href":"https:\/\/www.caririemacao.com\/1\/wp-json\/wp\/v2\/media\/73249"}],"wp:attachment":[{"href":"https:\/\/www.caririemacao.com\/1\/wp-json\/wp\/v2\/media?parent=73248"}],"wp:term":[{"taxonomy":"category","embeddable":true,"href":"https:\/\/www.caririemacao.com\/1\/wp-json\/wp\/v2\/categories?post=73248"},{"taxonomy":"post_tag","embeddable":true,"href":"https:\/\/www.caririemacao.com\/1\/wp-json\/wp\/v2\/tags?post=73248"}],"curies":[{"name":"wp","href":"https:\/\/api.w.org\/{rel}","templated":true}]}}