{"id":73251,"date":"2018-11-16T16:41:52","date_gmt":"2018-11-16T19:41:52","guid":{"rendered":"http:\/\/www.caririemacao.com\/1\/?p=73251"},"modified":"2018-11-16T17:06:28","modified_gmt":"2018-11-16T20:06:28","slug":"ministro-vai-propor-substituir-cubanos-por-medicos-formados-pelo-fies","status":"publish","type":"post","link":"https:\/\/www.caririemacao.com\/1\/2018\/11\/16\/ministro-vai-propor-substituir-cubanos-por-medicos-formados-pelo-fies\/","title":{"rendered":"Ministro vai propor substituir cubanos por m\u00e9dicos formados pelo Fies"},"content":{"rendered":"<p>O ministro da Sa\u00fade, Gilberto Occhi, vai propor ao presidente eleito Jair Bolsonaro chamar m\u00e9dicos formados usando recursos do Fundo de Financiamento Estudantil (Fies) para substituir os cubanos que est\u00e3o sendo retirados do programa Mais M\u00e9dicos.<\/p>\n<p>\u201cChamar os estudantes formados pelo FIES \u00e9 uma alternativa que consideramos. Devemos ter uma reuni\u00e3o na pr\u00f3xima semana com a equipe de transi\u00e7\u00e3o. Essa \u00e9 uma das propostas que vamos apresentar\u201d, disse Occhi durante a inaugura\u00e7\u00e3o de um Centro Especializado em Reabilita\u00e7\u00e3o (CER) em Duque de Caxias, na Baixada Fluminense.<\/p>\n<p>O ministro n\u00e3o explicou, no entanto, como seria feita essa chamada espec\u00edfica dos m\u00e9dicos formados com recursos do Fies. A proposta j\u00e1 tinha sido levantada anteriormente, mas n\u00e3o havia sido sugerida ao novo governo.<\/p>\n<p>O Fies \u00e9 um fundo do governo federal que oferece financiamento para estudantes cursarem o ensino superior em universidades privadas. \u00c9 voltado para pessoas de baixa renda e oferece juro zero para aqueles que tem renda familiar per capita de at\u00e9 3 sal\u00e1rios m\u00ednimos.<\/p>\n<p>Na \u00faltima quarta (14), o Minist\u00e9rio da Sa\u00fade P\u00fablica de Cuba anunciou a decis\u00e3o de deixar o programa Mais M\u00e9dicos, criado durante o governo da ex-presidente Dilma Rousseff. Cuba enviava profissionais para atuar no Brasil desde 2013. Pouco mais da metade dos 16 mil participantes do Mais M\u00e9dicos s\u00e3o de Cuba.<\/p>\n<p>O ministro informou que o edital de sele\u00e7\u00e3o ser\u00e1 lan\u00e7ado ainda em novembro. \u201cVamos lan\u00e7ar o edital na pr\u00f3xima semana, segunda ou ter\u00e7a-feira. Nossa inten\u00e7\u00e3o \u00e9 que, \u00e0 medida que surgirem vagas, os m\u00e9dicos brasileiros, com CRM brasileiro, j\u00e1 possam fazer op\u00e7\u00e3o. Em um segundo momento, vamos abrir para m\u00e9dicos brasileiros formados no exterior. Acreditamos que existe um universo de 15 a 20 mil m\u00e9dicos aptos a participarem do edital\u201d, disse Occhi.<\/p>\n<p>N\u00e3o cronograma para a sa\u00edda dos m\u00e9dicos cubanos. Essa foi uma decis\u00e3o do governo de Cuba. Estamos trabalhando de forma emergencial para que, \u00e0 medida que o m\u00e9dico cubano saia, tenhamos outros profissionais brasileiros para ocupar esse lugar.<\/p>\n<p>No edital feito no ano passado, tivemos mais de 20 mil inscritos. Depois n\u00e3o foram para os lugares e n\u00f3s utilizemos em uma segunda chamada, o m\u00e9dico estrangeiro. Por isso, acreditamos que sim.<\/p>\n<p><strong>O programa<\/strong><br \/>\nPelas regras do Mais M\u00e9dicos, os m\u00e9dicos brasileiros e estrangeiros formados no Brasil t\u00eam prioridade para ingressarem no programa. Depois, s\u00e3o convocados m\u00e9dicos formados fora do Brasil que tenham revalidado o diploma no pa\u00eds, com o exame chamado Revalida.<\/p>\n<p>Na sequ\u00eancia, s\u00e3o chamados m\u00e9dicos brasileiros formados no exterior que n\u00e3o realizaram o Revalida. Depois, a regra prev\u00ea que sejam convidados m\u00e9dicos estrangeiros formados no exterior e sem diploma revalidado no Brasil.<\/p>\n<p>S\u00f3 ap\u00f3s todos esses \u00e9 que governo brasileiro oferecia as vagas aos m\u00e9dicos cubanos.<\/p>\n<p>Cuba enviava profissionais ao Brasil desde 2013. No Mais M\u00e9dicos, pouco mais da metade dos profissionais \u2013 8,47 mil dos mais de 16 mil profissionais \u2013 vieram de Cuba, segundo dados obtidos pelo G1.<\/p>\n<p>Em 2013, segundo balan\u00e7o do governo federal, apenas 11% das vagas oferecidas no primeiro edital foram preenchidas por m\u00e9dicos brasileiros.<\/p>\n<p style=\"text-align: right;\"><em><strong>G1\/Foto: Internet\u00a0\u00a0<\/strong><\/em><\/p>\n","protected":false},"excerpt":{"rendered":"<p>O ministro da Sa\u00fade, Gilberto Occhi, vai propor ao presidente eleito Jair Bolsonaro chamar m\u00e9dicos formados usando recursos do Fundo de Financiamento Estudantil (Fies) para&hellip; <\/p>\n","protected":false},"author":1,"featured_media":73254,"comment_status":"closed","ping_status":"closed","sticky":false,"template":"","format":"standard","meta":{"sfsi_plus_gutenberg_text_before_share":"","sfsi_plus_gutenberg_show_text_before_share":"","sfsi_plus_gutenberg_icon_type":"","sfsi_plus_gutenberg_icon_alignemt":"","sfsi_plus_gutenburg_max_per_row":"","footnotes":""},"categories":[16],"tags":[],"class_list":["post-73251","post","type-post","status-publish","format-standard","has-post-thumbnail","hentry","category-saude"],"_links":{"self":[{"href":"https:\/\/www.caririemacao.com\/1\/wp-json\/wp\/v2\/posts\/73251","targetHints":{"allow":["GET"]}}],"collection":[{"href":"https:\/\/www.caririemacao.com\/1\/wp-json\/wp\/v2\/posts"}],"about":[{"href":"https:\/\/www.caririemacao.com\/1\/wp-json\/wp\/v2\/types\/post"}],"author":[{"embeddable":true,"href":"https:\/\/www.caririemacao.com\/1\/wp-json\/wp\/v2\/users\/1"}],"replies":[{"embeddable":true,"href":"https:\/\/www.caririemacao.com\/1\/wp-json\/wp\/v2\/comments?post=73251"}],"version-history":[{"count":3,"href":"https:\/\/www.caririemacao.com\/1\/wp-json\/wp\/v2\/posts\/73251\/revisions"}],"predecessor-version":[{"id":73259,"href":"https:\/\/www.caririemacao.com\/1\/wp-json\/wp\/v2\/posts\/73251\/revisions\/73259"}],"wp:featuredmedia":[{"embeddable":true,"href":"https:\/\/www.caririemacao.com\/1\/wp-json\/wp\/v2\/media\/73254"}],"wp:attachment":[{"href":"https:\/\/www.caririemacao.com\/1\/wp-json\/wp\/v2\/media?parent=73251"}],"wp:term":[{"taxonomy":"category","embeddable":true,"href":"https:\/\/www.caririemacao.com\/1\/wp-json\/wp\/v2\/categories?post=73251"},{"taxonomy":"post_tag","embeddable":true,"href":"https:\/\/www.caririemacao.com\/1\/wp-json\/wp\/v2\/tags?post=73251"}],"curies":[{"name":"wp","href":"https:\/\/api.w.org\/{rel}","templated":true}]}}