{"id":73263,"date":"2018-11-16T17:37:06","date_gmt":"2018-11-16T20:37:06","guid":{"rendered":"http:\/\/www.caririemacao.com\/1\/?p=73263"},"modified":"2018-11-16T17:37:06","modified_gmt":"2018-11-16T20:37:06","slug":"luiz-couto-questionara-na-justica-e-no-mpf-supostas-irregularidades-na-campanha-de-daniella-ao-senado","status":"publish","type":"post","link":"https:\/\/www.caririemacao.com\/1\/2018\/11\/16\/luiz-couto-questionara-na-justica-e-no-mpf-supostas-irregularidades-na-campanha-de-daniella-ao-senado\/","title":{"rendered":"Luiz Couto questionar\u00e1 na Justi\u00e7a e no MPF supostas irregularidades na campanha de Daniella ao Senado"},"content":{"rendered":"<p>O candidato derrotado na urnas, que concorria a\u00a0uma vaga para o Senado pela Para\u00edba, o\u00a0deputado federal Luiz Couto (PT) informou nesta sexta-feira (16) que vai questionar no Minist\u00e9rio P\u00fablico Federal, o resultado da elei\u00e7\u00e3o para o Senado Federal na Para\u00edba. Segundo a assessoria, ele\u00a0\u00a0pretende entrar com uma a\u00e7\u00e3o para investigar poss\u00edveis irregularidades na campanha da senadora eleita Daniella Ribeiro (PP).<\/p>\n<p>Segundo informado pela assessoria, as pesquisas eleitorais divulgadas na v\u00e9spera da elei\u00e7\u00e3o mostravam quem tinha a prefer\u00eancia nas inten\u00e7\u00f5es de votos era ele, mas o resultado foi completamente diferente.<\/p>\n<p>\u201cN\u00f3s queremos investiga\u00e7\u00e3o, n\u00f3s estamos verificando algumas informa\u00e7\u00f5es, queremos uma investiga\u00e7\u00e3o profunda com os mecanismos da Pol\u00edcia Federal e Minist\u00e9rio P\u00fablico, se n\u00e3o tiver problema nenhum, \u00f3timo, mas a imprensa colocou v\u00e1rias informa\u00e7\u00f5es diferentes durante a apura\u00e7\u00e3o dos votos\u201d, questionou.<\/p>\n<p>O petista disse que poder\u00e1 propor a abertura de uma Comiss\u00e3o Parlamentar de Inqu\u00e9rito (CPI) para discutir a seriedade das coletas de informa\u00e7\u00f5es. \u201cAs elei\u00e7\u00f5es precisam ser limpas, sem que o poder econ\u00f4mico interfira. Est\u00e1 mais que comprovado, as pesquisas revelavam que um candidato seria o mais votado e outro candidato foi eleito [\u2026] L\u00e1 no congresso pode se fazer uma CPI para analisar as pesquisas eleitorais que n\u00e3o t\u00eam consist\u00eancia, para mim o mais importante \u00e9 que se investigue se o resultado foi limpo\u201d, afirmou.<\/p>\n<p>Click PB<\/p>\n","protected":false},"excerpt":{"rendered":"<p>O candidato derrotado na urnas, que concorria a\u00a0uma vaga para o Senado pela Para\u00edba, o\u00a0deputado federal Luiz Couto (PT) informou nesta sexta-feira (16) que vai&hellip; <\/p>\n","protected":false},"author":1,"featured_media":17313,"comment_status":"closed","ping_status":"closed","sticky":false,"template":"","format":"standard","meta":{"sfsi_plus_gutenberg_text_before_share":"","sfsi_plus_gutenberg_show_text_before_share":"","sfsi_plus_gutenberg_icon_type":"","sfsi_plus_gutenberg_icon_alignemt":"","sfsi_plus_gutenburg_max_per_row":"","footnotes":""},"categories":[11],"tags":[],"class_list":["post-73263","post","type-post","status-publish","format-standard","has-post-thumbnail","hentry","category-politica"],"_links":{"self":[{"href":"https:\/\/www.caririemacao.com\/1\/wp-json\/wp\/v2\/posts\/73263","targetHints":{"allow":["GET"]}}],"collection":[{"href":"https:\/\/www.caririemacao.com\/1\/wp-json\/wp\/v2\/posts"}],"about":[{"href":"https:\/\/www.caririemacao.com\/1\/wp-json\/wp\/v2\/types\/post"}],"author":[{"embeddable":true,"href":"https:\/\/www.caririemacao.com\/1\/wp-json\/wp\/v2\/users\/1"}],"replies":[{"embeddable":true,"href":"https:\/\/www.caririemacao.com\/1\/wp-json\/wp\/v2\/comments?post=73263"}],"version-history":[{"count":1,"href":"https:\/\/www.caririemacao.com\/1\/wp-json\/wp\/v2\/posts\/73263\/revisions"}],"predecessor-version":[{"id":73264,"href":"https:\/\/www.caririemacao.com\/1\/wp-json\/wp\/v2\/posts\/73263\/revisions\/73264"}],"wp:featuredmedia":[{"embeddable":true,"href":"https:\/\/www.caririemacao.com\/1\/wp-json\/wp\/v2\/media\/17313"}],"wp:attachment":[{"href":"https:\/\/www.caririemacao.com\/1\/wp-json\/wp\/v2\/media?parent=73263"}],"wp:term":[{"taxonomy":"category","embeddable":true,"href":"https:\/\/www.caririemacao.com\/1\/wp-json\/wp\/v2\/categories?post=73263"},{"taxonomy":"post_tag","embeddable":true,"href":"https:\/\/www.caririemacao.com\/1\/wp-json\/wp\/v2\/tags?post=73263"}],"curies":[{"name":"wp","href":"https:\/\/api.w.org\/{rel}","templated":true}]}}