{"id":73265,"date":"2018-11-16T17:43:42","date_gmt":"2018-11-16T20:43:42","guid":{"rendered":"http:\/\/www.caririemacao.com\/1\/?p=73265"},"modified":"2018-11-16T17:43:42","modified_gmt":"2018-11-16T20:43:42","slug":"colegio-da-policia-militar-oferece-150-vagas-para-novos-alunos","status":"publish","type":"post","link":"https:\/\/www.caririemacao.com\/1\/2018\/11\/16\/colegio-da-policia-militar-oferece-150-vagas-para-novos-alunos\/","title":{"rendered":"Col\u00e9gio da Pol\u00edcia Militar oferece 150 vagas para novos alunos"},"content":{"rendered":"<p>Come\u00e7am no pr\u00f3ximo dia 26 as inscri\u00e7\u00f5es para o processo seletivo de admiss\u00e3o de novos alunos para o Col\u00e9gio da Pol\u00edcia Militar da Para\u00edba \u201cEstudante Rebeca Cristina Alves Sim\u00f5es\u201d (CPM). Ao todo, s\u00e3o oferecidas 150 vagas para diversas s\u00e9ries do ensino fundamental e m\u00e9dio, atendendo o p\u00fablico em geral, filhos de policiais militares, e pessoas com defici\u00eancia.<\/p>\n<p>O edital foi publicado no Di\u00e1rio Oficial do Estado (DOE), na \u00faltima quarta-feira (14), e o processo seletivo destina-se ao preenchimento das vagas referentes ao per\u00edodo letivo de 2019. S\u00e3o disponibilizadas vagas para matr\u00edcula na 1\u00aa S\u00e9rie do Ensino M\u00e9dio Integrado (50), 9\u00ba ano do ensino fundamental II (6), 8\u00ba ano (31) e 6\u00ba ano (63). As 150 vagas dever\u00e3o obedecer a propor\u00e7\u00e3o de 60% delas para filho de policiais, e 40% para ampla concorr\u00eancia. Neste total, 5% ser\u00e3o para pessoas com defici\u00eancia.<\/p>\n<p>\u201cQuando o n\u00famero de inscritos for maior que o de vagas, a sele\u00e7\u00e3o se dar\u00e1 mediante sorteio p\u00fablico, observando alguns requisitos, como data de nascimento e a propor\u00e7\u00e3o entre as vagas\u201d, explicou o capit\u00e3o Leonardo Neves, diretor do Col\u00e9gio. O sorteio dever\u00e1 acontecer no dia 20 de dezembro, \u00e0s 9h, no audit\u00f3rio do Centro de Educa\u00e7\u00e3o da PMPB.<\/p>\n<p><strong>\u00a0<\/strong><strong>Documentos \u2013<\/strong>\u00a0As inscri\u00e7\u00f5es ir\u00e3o come\u00e7ar no pr\u00f3ximo dia 26 de novembro e seguem at\u00e9 o dia 14 de dezembro, devendo ser efetuadas na secretaria do CPM. No ato da inscri\u00e7\u00e3o, pais ou respons\u00e1veis devem apresentar os documentos: declara\u00e7\u00e3o original da escola de origem, constando o ano\/s\u00e9rie que o interessado est\u00e1 cursando em 2018, devidamente assinada pelo gestor ou secret\u00e1rio escolar; apresenta\u00e7\u00e3o do documento original e c\u00f3pia de identidade do respons\u00e1vel legal pelo candidato; apresenta\u00e7\u00e3o da certid\u00e3o de nascimento original do candidato e a respectiva fotocopia.<\/p>\n<p>Al\u00e9m disso, tamb\u00e9m ser\u00e1 solicitado o requerimento de inscri\u00e7\u00e3o devidamente preenchido, sem lacunas, emendas e\/ou rasuras (requerimento disponibilizado na secretaria do CPM). Candidatos que optarem pela cota para pessoas com defici\u00eancia dever\u00e3o apresentar o Laudo M\u00e9dico original atualizado (expedido a partir do ano de 2015), observando o que est\u00e1 especificado no DOE.<\/p>\n<p>Para os candidatos filhos de policiais militares da PMPB, ser\u00e1 exigida a apresenta\u00e7\u00e3o da carteira de identidade funcional do pai\/m\u00e3e militar estadual original e a respectiva fotoc\u00f3pia. J\u00e1 para os candidatos dependentes de policiais militares da PMPB, que n\u00e3o sejam filhos biol\u00f3gicos, ser\u00e1 exigido o comprovante legal de depend\u00eancia oriundo do Poder Judici\u00e1rio.<\/p>\n<p><strong>Curso t\u00e9cnico \u2013<\/strong>\u00a0Para as vagas oferecidas para a 1\u00aa S\u00e9rie do Ensino M\u00e9dio, no ato da inscri\u00e7\u00e3o, o candidato dever\u00e1 assinalar entre as op\u00e7\u00f5es de cursos t\u00e9cnicos oferecidos de Inform\u00e1tica para Internet ou Programa\u00e7\u00e3o em Jogos Digitais. \u201cEsse \u00e9 um dos diferenciais do CPM, que durante o Ensino M\u00e9dio capacita o estudante com qualifica\u00e7\u00e3o t\u00e9cnica, aumentando suas chances no mercado de trabalho ao fim dos estudos\u201d, disse o diretor.<\/p>\n<p><strong>Mais informa\u00e7\u00f5es \u2013<\/strong>\u00a0Segundo a Dire\u00e7\u00e3o do CPM, foram 25 concluintes do ensino m\u00e9dio no ano passado que foram aprovados para universidades no \u00faltimo Sistema de Sele\u00e7\u00e3o Unificada. O \u00cdndice de Desenvolvimento de Educa\u00e7\u00e3o B\u00e1sica do CPM (Ideb) foi de 4,7, sendo maior do que a m\u00e9dia na rede estadual.<\/p>\n<p>O Col\u00e9gio da Pol\u00edcia Militar foi fundado em 1994, est\u00e1 localizado no Centro de Educa\u00e7\u00e3o da PM, no bairro de Mangabeira VII, em Jo\u00e3o Pessoa. O telefone para contato \u00e9: 3213-9207. Maiores informa\u00e7\u00f5es sobre o edital podem ser conferidas na edi\u00e7\u00e3o do Di\u00e1rio Oficial do Estado, do \u00faltimo dia 14.<\/p>\n<p>&nbsp;<\/p>\n<p>Blog do Gordinho<\/p>\n","protected":false},"excerpt":{"rendered":"<p>Come\u00e7am no pr\u00f3ximo dia 26 as inscri\u00e7\u00f5es para o processo seletivo de admiss\u00e3o de novos alunos para o Col\u00e9gio da Pol\u00edcia Militar da Para\u00edba \u201cEstudante&hellip; <\/p>\n","protected":false},"author":1,"featured_media":73269,"comment_status":"closed","ping_status":"closed","sticky":false,"template":"","format":"standard","meta":{"sfsi_plus_gutenberg_text_before_share":"","sfsi_plus_gutenberg_show_text_before_share":"","sfsi_plus_gutenberg_icon_type":"","sfsi_plus_gutenberg_icon_alignemt":"","sfsi_plus_gutenburg_max_per_row":"","footnotes":""},"categories":[14],"tags":[],"class_list":["post-73265","post","type-post","status-publish","format-standard","has-post-thumbnail","hentry","category-educacao"],"_links":{"self":[{"href":"https:\/\/www.caririemacao.com\/1\/wp-json\/wp\/v2\/posts\/73265","targetHints":{"allow":["GET"]}}],"collection":[{"href":"https:\/\/www.caririemacao.com\/1\/wp-json\/wp\/v2\/posts"}],"about":[{"href":"https:\/\/www.caririemacao.com\/1\/wp-json\/wp\/v2\/types\/post"}],"author":[{"embeddable":true,"href":"https:\/\/www.caririemacao.com\/1\/wp-json\/wp\/v2\/users\/1"}],"replies":[{"embeddable":true,"href":"https:\/\/www.caririemacao.com\/1\/wp-json\/wp\/v2\/comments?post=73265"}],"version-history":[{"count":1,"href":"https:\/\/www.caririemacao.com\/1\/wp-json\/wp\/v2\/posts\/73265\/revisions"}],"predecessor-version":[{"id":73270,"href":"https:\/\/www.caririemacao.com\/1\/wp-json\/wp\/v2\/posts\/73265\/revisions\/73270"}],"wp:featuredmedia":[{"embeddable":true,"href":"https:\/\/www.caririemacao.com\/1\/wp-json\/wp\/v2\/media\/73269"}],"wp:attachment":[{"href":"https:\/\/www.caririemacao.com\/1\/wp-json\/wp\/v2\/media?parent=73265"}],"wp:term":[{"taxonomy":"category","embeddable":true,"href":"https:\/\/www.caririemacao.com\/1\/wp-json\/wp\/v2\/categories?post=73265"},{"taxonomy":"post_tag","embeddable":true,"href":"https:\/\/www.caririemacao.com\/1\/wp-json\/wp\/v2\/tags?post=73265"}],"curies":[{"name":"wp","href":"https:\/\/api.w.org\/{rel}","templated":true}]}}