{"id":73271,"date":"2018-11-16T17:47:32","date_gmt":"2018-11-16T20:47:32","guid":{"rendered":"http:\/\/www.caririemacao.com\/1\/?p=73271"},"modified":"2018-11-16T17:47:32","modified_gmt":"2018-11-16T20:47:32","slug":"jovens-senadores-chegarao-a-brasilia-para-mandato-de-uma-semana","status":"publish","type":"post","link":"https:\/\/www.caririemacao.com\/1\/2018\/11\/16\/jovens-senadores-chegarao-a-brasilia-para-mandato-de-uma-semana\/","title":{"rendered":"Jovens senadores chegar\u00e3o a Bras\u00edlia para \u2018mandato\u2019 de uma semana"},"content":{"rendered":"<p>Os estudantes classificados para o programa Jovem Senador 2018 chegam a Bras\u00edlia na pr\u00f3xima segunda-feira (19). Eles tomar\u00e3o posse como jovens senadores para um \u201cmandato\u201d de uma semana conhecendo o Senado, participando de comiss\u00f5es, apresentando e votando sugest\u00f5es legislativas que poder\u00e3o ser transformadas em projetos de lei.<\/p>\n<p>Criado em 2011, o programa d\u00e1 oportunidade a estudantes do ensino m\u00e9dio de escolas p\u00fablicas estaduais, com idade at\u00e9 19 anos, de conhecer de perto como funciona o processo legislativo brasileiro. Os professores orientadores das reda\u00e7\u00f5es vencedoras tamb\u00e9m viajam a Bras\u00edlia, onde recebem treinamento sobre a atividade legislativa e o papel do Congresso Nacional.<\/p>\n<p>Esta 11\u00aa edi\u00e7\u00e3o do Jovem Senador teve participa\u00e7\u00e3o recorde: foram 190 mil reda\u00e7\u00f5es inscritas, com a tem\u00e1tica dos 30 anos da Constitui\u00e7\u00e3o federal. Concorreram jovens de todos os estados e do Distrito Federal. Lanielle Lorane de S\u00e1 Andrade, de Monsenhor Hip\u00f3lito (PI), foi classificada em primeiro lugar. Matheus Moura Carabolante, de S\u00e3o Francisco (SP), e Luana Coutinho da Silva, de Igarap\u00e9-A\u00e7u (PA), ficaram com o segundo e terceiro lugares, respectivamente.<\/p>\n<p>As 27 reda\u00e7\u00f5es vencedoras, uma de cada unidade da federa\u00e7\u00e3o, foram escolhidas por uma comiss\u00e3o formada por servidores do Senado e membros de institui\u00e7\u00f5es parceiras. Entre os crit\u00e9rios avaliados estiveram a estrutura\u00e7\u00e3o do texto, argumenta\u00e7\u00e3o, gram\u00e1tica e pertin\u00eancia com o t\u00edtulo proposto.<\/p>\n<p>Um dos integrantes da comiss\u00e3o julgadora, o militar Rog\u00e9rio Braga ressalta que o n\u00edvel do concurso tem se aperfei\u00e7oado e a concorr\u00eancia aumentado a cada ano. \u201cA meu ver, as reda\u00e7\u00f5es est\u00e3o ainda melhores do que as dos anos anteriores. Cada vez mais objetivas e muito melhor escritas\u201d, disse.<\/p>\n<p>J\u00e1 o secret\u00e1rio-geral da Mesa, Luiz Fernando Bandeira, destaca que o Jovem Senador contribui para tornar os estudantes um ponto focal de transmiss\u00e3o de valores da cidadania e da democracia.\u00a0Segundo ele, a ideia \u00e9 que as experi\u00eancias vividas no Senado possam ser praticadas em seus estados e suas cidades.<\/p>\n<p>\u201cO projeto \u00e9 muito mais do que uma conquista individual do aluno: \u00e9 uma conquista da escola participante e da comunidade da qual ela participa\u201d, destacou.<\/p>\n<p>Na programa\u00e7\u00e3o do Jovem Senador est\u00e3o inclu\u00eddas uma palestra sobre o Portal e-Cidadania, visita\u00e7\u00e3o institucional ao Congresso Nacional e \u00e0 exposi\u00e7\u00e3o sobre os 30 anos da Constitui\u00e7\u00e3o, entrevistas aos ve\u00edculos de comunica\u00e7\u00e3o do Senado, al\u00e9m de atividades l\u00fadicas como ida ao cinema e visitas a pontos tur\u00edsticos de Bras\u00edlia como a Catedral Metropolitana e o Pal\u00e1cio do Itamaraty.<\/p>\n<p>&nbsp;<\/p>\n<p>Senado Federal<\/p>\n","protected":false},"excerpt":{"rendered":"<p>Os estudantes classificados para o programa Jovem Senador 2018 chegam a Bras\u00edlia na pr\u00f3xima segunda-feira (19). Eles tomar\u00e3o posse como jovens senadores para um \u201cmandato\u201d&hellip; <\/p>\n","protected":false},"author":1,"featured_media":73272,"comment_status":"closed","ping_status":"closed","sticky":false,"template":"","format":"standard","meta":{"sfsi_plus_gutenberg_text_before_share":"","sfsi_plus_gutenberg_show_text_before_share":"","sfsi_plus_gutenberg_icon_type":"","sfsi_plus_gutenberg_icon_alignemt":"","sfsi_plus_gutenburg_max_per_row":"","footnotes":""},"categories":[11],"tags":[],"class_list":["post-73271","post","type-post","status-publish","format-standard","has-post-thumbnail","hentry","category-politica"],"_links":{"self":[{"href":"https:\/\/www.caririemacao.com\/1\/wp-json\/wp\/v2\/posts\/73271","targetHints":{"allow":["GET"]}}],"collection":[{"href":"https:\/\/www.caririemacao.com\/1\/wp-json\/wp\/v2\/posts"}],"about":[{"href":"https:\/\/www.caririemacao.com\/1\/wp-json\/wp\/v2\/types\/post"}],"author":[{"embeddable":true,"href":"https:\/\/www.caririemacao.com\/1\/wp-json\/wp\/v2\/users\/1"}],"replies":[{"embeddable":true,"href":"https:\/\/www.caririemacao.com\/1\/wp-json\/wp\/v2\/comments?post=73271"}],"version-history":[{"count":1,"href":"https:\/\/www.caririemacao.com\/1\/wp-json\/wp\/v2\/posts\/73271\/revisions"}],"predecessor-version":[{"id":73273,"href":"https:\/\/www.caririemacao.com\/1\/wp-json\/wp\/v2\/posts\/73271\/revisions\/73273"}],"wp:featuredmedia":[{"embeddable":true,"href":"https:\/\/www.caririemacao.com\/1\/wp-json\/wp\/v2\/media\/73272"}],"wp:attachment":[{"href":"https:\/\/www.caririemacao.com\/1\/wp-json\/wp\/v2\/media?parent=73271"}],"wp:term":[{"taxonomy":"category","embeddable":true,"href":"https:\/\/www.caririemacao.com\/1\/wp-json\/wp\/v2\/categories?post=73271"},{"taxonomy":"post_tag","embeddable":true,"href":"https:\/\/www.caririemacao.com\/1\/wp-json\/wp\/v2\/tags?post=73271"}],"curies":[{"name":"wp","href":"https:\/\/api.w.org\/{rel}","templated":true}]}}