{"id":73274,"date":"2018-11-16T17:54:08","date_gmt":"2018-11-16T20:54:08","guid":{"rendered":"http:\/\/www.caririemacao.com\/1\/?p=73274"},"modified":"2018-11-16T17:54:08","modified_gmt":"2018-11-16T20:54:08","slug":"ronaldo-transmite-cargo-de-prefeito-para-tercia-borges-que-assume-como-a-primeira-prefeita-mulher-de-gurjao","status":"publish","type":"post","link":"https:\/\/www.caririemacao.com\/1\/2018\/11\/16\/ronaldo-transmite-cargo-de-prefeito-para-tercia-borges-que-assume-como-a-primeira-prefeita-mulher-de-gurjao\/","title":{"rendered":"Ronaldo transmite cargo de prefeito para Tercia Borges, que assume como a primeira prefeita mulher de Gurj\u00e3o"},"content":{"rendered":"<p>A convite da\u00a0Confedera\u00e7\u00e3o Nacional de Munic\u00edpios (CNM), o Prefeito do Munic\u00edpio de Gurj\u00e3o, Ronaldo Queiroz, estar\u00e1 fazendo uma miss\u00e3o \u00e0 Portugal, que acontecer\u00e1 entre os dias 17 e 24 de Novembro de 2018. E como forma de transpar\u00eancia e legalidade, O prefeito Ronaldo transmitiu oficialmente o cargo de prefeito para a sua vice de chapa, T\u00e9rcia Borges.<\/p>\n<p>A transmiss\u00e3o do cargo aconteceu nesta sexta-feira (16), no audit\u00f3rio municipal \u2018In\u00e1cio Alves Calu\u00eate\u2019. A solenidade contou com a presen\u00e7a de autoridades, familiares, vereadores e secret\u00e1rios da atual gest\u00e3o.<\/p>\n<p>Tercia Borges ser\u00e1 a primeira prefeita mulher da hist\u00f3ria de Gurj\u00e3o, a assumir a prefeitura municipal. O ent\u00e3o prefeito Ronaldo Queiroz, destacou a import\u00e2ncia desta parceria, de prefeito e vice, caminhar sempre juntos: \u201cEste \u00e9 um ato que ficar\u00e1 marcado na hist\u00f3ria pol\u00edtica do munic\u00edpio de Gurj\u00e3o. Sem d\u00favidas os gurj\u00e3oenses estar\u00e3o bem conduzidos pela uma grande mulher, exemplo a ser seguido pela sua hist\u00f3ria, dignidade e compet\u00eancia. Com certeza T\u00e9rcia far\u00e1 um \u00f3timo trabalho!\u201d, frisou Ronaldo Queiroz.<\/p>\n<p>Ronaldo j\u00e1 embarca neste s\u00e1bado(17) para Portugal. O Projeto UniverCidades custear\u00e1 os gastos da viagem (deslocamento, alimenta\u00e7\u00e3o e hospedagem) para o Prefeito, no intuito de apresentar e defender a experi\u00eancia finalista do Pr\u00eamio MuniCi\u00eancia, Programa de Protagonismo Juvenil (PPJ).<\/p>\n<p>&nbsp;<\/p>\n<p>Ascom\/Gurj\u00e3o<\/p>\n","protected":false},"excerpt":{"rendered":"<p>A convite da\u00a0Confedera\u00e7\u00e3o Nacional de Munic\u00edpios (CNM), o Prefeito do Munic\u00edpio de Gurj\u00e3o, Ronaldo Queiroz, estar\u00e1 fazendo uma miss\u00e3o \u00e0 Portugal, que acontecer\u00e1 entre os&hellip; <\/p>\n","protected":false},"author":1,"featured_media":10369,"comment_status":"closed","ping_status":"closed","sticky":false,"template":"","format":"standard","meta":{"sfsi_plus_gutenberg_text_before_share":"","sfsi_plus_gutenberg_show_text_before_share":"","sfsi_plus_gutenberg_icon_type":"","sfsi_plus_gutenberg_icon_alignemt":"","sfsi_plus_gutenburg_max_per_row":"","footnotes":""},"categories":[6],"tags":[],"class_list":["post-73274","post","type-post","status-publish","format-standard","has-post-thumbnail","hentry","category-cidades"],"_links":{"self":[{"href":"https:\/\/www.caririemacao.com\/1\/wp-json\/wp\/v2\/posts\/73274","targetHints":{"allow":["GET"]}}],"collection":[{"href":"https:\/\/www.caririemacao.com\/1\/wp-json\/wp\/v2\/posts"}],"about":[{"href":"https:\/\/www.caririemacao.com\/1\/wp-json\/wp\/v2\/types\/post"}],"author":[{"embeddable":true,"href":"https:\/\/www.caririemacao.com\/1\/wp-json\/wp\/v2\/users\/1"}],"replies":[{"embeddable":true,"href":"https:\/\/www.caririemacao.com\/1\/wp-json\/wp\/v2\/comments?post=73274"}],"version-history":[{"count":1,"href":"https:\/\/www.caririemacao.com\/1\/wp-json\/wp\/v2\/posts\/73274\/revisions"}],"predecessor-version":[{"id":73275,"href":"https:\/\/www.caririemacao.com\/1\/wp-json\/wp\/v2\/posts\/73274\/revisions\/73275"}],"wp:featuredmedia":[{"embeddable":true,"href":"https:\/\/www.caririemacao.com\/1\/wp-json\/wp\/v2\/media\/10369"}],"wp:attachment":[{"href":"https:\/\/www.caririemacao.com\/1\/wp-json\/wp\/v2\/media?parent=73274"}],"wp:term":[{"taxonomy":"category","embeddable":true,"href":"https:\/\/www.caririemacao.com\/1\/wp-json\/wp\/v2\/categories?post=73274"},{"taxonomy":"post_tag","embeddable":true,"href":"https:\/\/www.caririemacao.com\/1\/wp-json\/wp\/v2\/tags?post=73274"}],"curies":[{"name":"wp","href":"https:\/\/api.w.org\/{rel}","templated":true}]}}