{"id":73284,"date":"2018-11-16T19:07:10","date_gmt":"2018-11-16T22:07:10","guid":{"rendered":"http:\/\/www.caririemacao.com\/1\/?p=73284"},"modified":"2018-11-16T19:07:10","modified_gmt":"2018-11-16T22:07:10","slug":"ricardo-nao-descarta-disputar-prefeitura-de-joao-pessoa","status":"publish","type":"post","link":"https:\/\/www.caririemacao.com\/1\/2018\/11\/16\/ricardo-nao-descarta-disputar-prefeitura-de-joao-pessoa\/","title":{"rendered":"Ricardo n\u00e3o descarta disputar prefeitura de Jo\u00e3o Pessoa"},"content":{"rendered":"<p>O governador Ricardo Coutinho (PSB) n\u00e3o descartou a possibilidade de disputar a prefeitura de Jo\u00e3o Pessoas nas elei\u00e7\u00f5es de 2020. No entanto ele avisou: \u201ccalma com o andor que o santo \u00e9 de barro\u201d, tentando convencer as pessoas que ainda \u00e9 muito cedo para iniciar as discuss\u00f5es sobre o pleito futuro.<\/p>\n<p>\u201cN\u00e3o pensei se vou disputar uma elei\u00e7\u00e3o na minha vida. O nosso projeto vai disputar a elei\u00e7\u00e3o, agora com quem vai ser ainda n\u00e3o est\u00e1 na ordem do dia. N\u00f3s percorremos um caminho e tenho dever de entregar um estado equilibrado, completamente diferente do que eu peguei, tenho que concluir isso e cuidar da vida\u201d, falou.<\/p>\n<p>Sem planos futuros<\/p>\n<p>Ricardo, contudo, ainda n\u00e3o tem planos pol\u00edticos para o futuro. \u201cN\u00e3o seria bom para o governo eu ter um cargo, tenho que tocar a vida. Na verdade n\u00e3o sei ainda o que farei a n\u00e3o ser reassumir meu cargo na universidade. Estou licenciado sem vencimento, tenho que retomar. Tem alguns convites para compartilhar essa experi\u00eancia e a Para\u00edba tem muitas experi\u00eancias que podem ser compartilhadas em qualquer parte do Brasil\u201d, concluiu.<\/p>\n","protected":false},"excerpt":{"rendered":"<p>O governador Ricardo Coutinho (PSB) n\u00e3o descartou a possibilidade de disputar a prefeitura de Jo\u00e3o Pessoas nas elei\u00e7\u00f5es de 2020. No entanto ele avisou: \u201ccalma&hellip; <\/p>\n","protected":false},"author":1,"featured_media":33979,"comment_status":"closed","ping_status":"closed","sticky":false,"template":"","format":"standard","meta":{"sfsi_plus_gutenberg_text_before_share":"","sfsi_plus_gutenberg_show_text_before_share":"","sfsi_plus_gutenberg_icon_type":"","sfsi_plus_gutenberg_icon_alignemt":"","sfsi_plus_gutenburg_max_per_row":"","footnotes":""},"categories":[50,11],"tags":[],"class_list":["post-73284","post","type-post","status-publish","format-standard","has-post-thumbnail","hentry","category-destaque","category-politica"],"_links":{"self":[{"href":"https:\/\/www.caririemacao.com\/1\/wp-json\/wp\/v2\/posts\/73284","targetHints":{"allow":["GET"]}}],"collection":[{"href":"https:\/\/www.caririemacao.com\/1\/wp-json\/wp\/v2\/posts"}],"about":[{"href":"https:\/\/www.caririemacao.com\/1\/wp-json\/wp\/v2\/types\/post"}],"author":[{"embeddable":true,"href":"https:\/\/www.caririemacao.com\/1\/wp-json\/wp\/v2\/users\/1"}],"replies":[{"embeddable":true,"href":"https:\/\/www.caririemacao.com\/1\/wp-json\/wp\/v2\/comments?post=73284"}],"version-history":[{"count":1,"href":"https:\/\/www.caririemacao.com\/1\/wp-json\/wp\/v2\/posts\/73284\/revisions"}],"predecessor-version":[{"id":73285,"href":"https:\/\/www.caririemacao.com\/1\/wp-json\/wp\/v2\/posts\/73284\/revisions\/73285"}],"wp:featuredmedia":[{"embeddable":true,"href":"https:\/\/www.caririemacao.com\/1\/wp-json\/wp\/v2\/media\/33979"}],"wp:attachment":[{"href":"https:\/\/www.caririemacao.com\/1\/wp-json\/wp\/v2\/media?parent=73284"}],"wp:term":[{"taxonomy":"category","embeddable":true,"href":"https:\/\/www.caririemacao.com\/1\/wp-json\/wp\/v2\/categories?post=73284"},{"taxonomy":"post_tag","embeddable":true,"href":"https:\/\/www.caririemacao.com\/1\/wp-json\/wp\/v2\/tags?post=73284"}],"curies":[{"name":"wp","href":"https:\/\/api.w.org\/{rel}","templated":true}]}}