{"id":73286,"date":"2018-11-16T19:12:04","date_gmt":"2018-11-16T22:12:04","guid":{"rendered":"http:\/\/www.caririemacao.com\/1\/?p=73286"},"modified":"2018-11-16T19:12:04","modified_gmt":"2018-11-16T22:12:04","slug":"policia-civil-recupera-veiculo-roubado-e-prende-uma-pessoa-em-flagrante-por-receptacao","status":"publish","type":"post","link":"https:\/\/www.caririemacao.com\/1\/2018\/11\/16\/policia-civil-recupera-veiculo-roubado-e-prende-uma-pessoa-em-flagrante-por-receptacao\/","title":{"rendered":"Pol\u00edcia Civil recupera ve\u00edculo roubado e prende uma pessoa em flagrante por recepta\u00e7\u00e3o"},"content":{"rendered":"<div>A Pol\u00edcia Civil da Para\u00edba, atrav\u00e9s da Delegacia de Roubos e Furtos de Ve\u00edculos e Cargas localizou, na tarde desta sexta-feira, ( 16), um ve\u00edculo\u00a0 modelo Siena identificado inicialmente como adulterado, durante vistoria no Departamento Estadual de Tr\u00e2nsito da Para\u00edba (Detran-PB)<\/div>\n<div><\/div>\n<div>O levantamento preliminar da equipe da Delegacia identificou a placa verdadeira do ve\u00edculo, pertencente a um aposentado, morador do bairro do colinas do Sul, v\u00edtima de roubo no dia 15 de abril de 2018.<\/div>\n<div><\/div>\n<div>A vistoria do Detran verificou, ainda, que diversos sinais do ve\u00edculos foram adulterados (marca\u00e7\u00f5es \/ vidros \/ chassi). A Delegacia constatou, ainda, que o documento utilizado (DUT) possui uma n\u00edtida altera\u00e7\u00e3o, na marca\u00e7\u00e3o do estado (PB alterado para PE).<\/div>\n<div><\/div>\n<div>Na a\u00e7\u00e3o\u00a0 da Delegacia foi detida uma pessoa, que apresentou informa\u00e7\u00f5es divergentes, motivo pelo qual responder\u00e1 em liberdade pelo crime de Recepta\u00e7\u00e3o culposa , tendo assinado Termo de Compromisso e liberado em seguida, como determina a legisla\u00e7\u00e3o.<\/div>\n<div><\/div>\n<div>A Delegacia j\u00e1 localizou o propriet\u00e1rio do ve\u00edculo roubado, que comparecer\u00e1 \u00e0 delegacia para a realiza\u00e7\u00e3o do procedimento de devolu\u00e7\u00e3o.<\/div>\n<div><\/div>\n<div>A delegacia reitera seu compromisso com a popula\u00e7\u00e3o paraibana e informa que quaisquer informa\u00e7\u00f5es sobre poss\u00edvel clonagem \/ roubo \/ furto de ve\u00edculos ser\u00e3o analisadas e investigadas pela delegacia, sendo importante o envio de den\u00fancias atrav\u00e9s do Disque Den\u00fancia da Pol\u00edcia Civil por meio do n\u00famero 197.<\/div>\n<div><\/div>\n<div>Paraiba.com.br<\/div>\n","protected":false},"excerpt":{"rendered":"<p>A Pol\u00edcia Civil da Para\u00edba, atrav\u00e9s da Delegacia de Roubos e Furtos de Ve\u00edculos e Cargas localizou, na tarde desta sexta-feira, ( 16), um ve\u00edculo\u00a0&hellip; <\/p>\n","protected":false},"author":1,"featured_media":73287,"comment_status":"closed","ping_status":"closed","sticky":false,"template":"","format":"standard","meta":{"sfsi_plus_gutenberg_text_before_share":"","sfsi_plus_gutenberg_show_text_before_share":"","sfsi_plus_gutenberg_icon_type":"","sfsi_plus_gutenberg_icon_alignemt":"","sfsi_plus_gutenburg_max_per_row":"","footnotes":""},"categories":[12],"tags":[],"class_list":["post-73286","post","type-post","status-publish","format-standard","has-post-thumbnail","hentry","category-policia"],"_links":{"self":[{"href":"https:\/\/www.caririemacao.com\/1\/wp-json\/wp\/v2\/posts\/73286","targetHints":{"allow":["GET"]}}],"collection":[{"href":"https:\/\/www.caririemacao.com\/1\/wp-json\/wp\/v2\/posts"}],"about":[{"href":"https:\/\/www.caririemacao.com\/1\/wp-json\/wp\/v2\/types\/post"}],"author":[{"embeddable":true,"href":"https:\/\/www.caririemacao.com\/1\/wp-json\/wp\/v2\/users\/1"}],"replies":[{"embeddable":true,"href":"https:\/\/www.caririemacao.com\/1\/wp-json\/wp\/v2\/comments?post=73286"}],"version-history":[{"count":1,"href":"https:\/\/www.caririemacao.com\/1\/wp-json\/wp\/v2\/posts\/73286\/revisions"}],"predecessor-version":[{"id":73288,"href":"https:\/\/www.caririemacao.com\/1\/wp-json\/wp\/v2\/posts\/73286\/revisions\/73288"}],"wp:featuredmedia":[{"embeddable":true,"href":"https:\/\/www.caririemacao.com\/1\/wp-json\/wp\/v2\/media\/73287"}],"wp:attachment":[{"href":"https:\/\/www.caririemacao.com\/1\/wp-json\/wp\/v2\/media?parent=73286"}],"wp:term":[{"taxonomy":"category","embeddable":true,"href":"https:\/\/www.caririemacao.com\/1\/wp-json\/wp\/v2\/categories?post=73286"},{"taxonomy":"post_tag","embeddable":true,"href":"https:\/\/www.caririemacao.com\/1\/wp-json\/wp\/v2\/tags?post=73286"}],"curies":[{"name":"wp","href":"https:\/\/api.w.org\/{rel}","templated":true}]}}