{"id":73293,"date":"2018-11-16T20:19:16","date_gmt":"2018-11-16T23:19:16","guid":{"rendered":"http:\/\/www.caririemacao.com\/1\/?p=73293"},"modified":"2018-11-16T20:19:16","modified_gmt":"2018-11-16T23:19:16","slug":"onibus-tombou-ao-tentar-desviar-de-um-motociclista-na-br-020","status":"publish","type":"post","link":"https:\/\/www.caririemacao.com\/1\/2018\/11\/16\/onibus-tombou-ao-tentar-desviar-de-um-motociclista-na-br-020\/","title":{"rendered":"\u00d4nibus tombou ao tentar desviar de um motociclista na BR-020"},"content":{"rendered":"<p>O \u00f4nibus da banda de forr\u00f3 Edson Lima e Gatinha Manhosa se envolveu em um acidente na tarde desta sexta-feira, 16, na BR-020,\u00a0no munic\u00edpio de Simpl\u00edcio Mendes no sul\u00a0do Piaui.<\/p>\n<p>De acordo com informa\u00e7\u00f5es, o acidente ocorreu por volta das 17h, o \u00f4nibus da banda tombou ao tentar desviar de um motociclista que morreu no acidente.<\/p>\n<p>Os integrantes da banda sofreram ferimentos leves e foram socorridos<\/p>\n<p>por equipes do Servi\u00e7o de Atendimento M\u00f3vel de Urg\u00eancia &#8211; SAMU e encaminhados para hospitais da regi\u00e3o.<\/p>\n<p><img fetchpriority=\"high\" decoding=\"async\" class=\"alignnone wp-image-73295 size-full\" src=\"http:\/\/www.caririemacao.com\/1\/wp-content\/uploads\/2018\/11\/foto.jpg\" alt=\"\" width=\"800\" height=\"600\" srcset=\"https:\/\/www.caririemacao.com\/1\/wp-content\/uploads\/2018\/11\/foto.jpg 800w, https:\/\/www.caririemacao.com\/1\/wp-content\/uploads\/2018\/11\/foto-300x225.jpg 300w, https:\/\/www.caririemacao.com\/1\/wp-content\/uploads\/2018\/11\/foto-768x576.jpg 768w\" sizes=\"(max-width: 800px) 100vw, 800px\" \/><\/p>\n<p>O cantor Edson Lima divulgou um comunicado em seu instagram: &#8220;Aos familiares, amigos e f\u00e3s, venho por meio desta informar que acabamos de sofrer um acidente com o \u00f4nibus da banda na estrada, mas gra\u00e7as\u00a0 a\u00a0Deus estamos todos bem. Breve darei mais informa\u00e7\u00f5es.&#8221;<\/p>\n<p>Em seus stories o cantor agradeceu pelo livramento e tranquilizou os f\u00e3s e familiares:<\/p>\n<p>\u201cTenho que agradecer a Deus por tudo que aconteceu, n\u00e3o lamentar por nada, porque estamos todos bem. Olha a situa\u00e7\u00e3o que ficou o \u00f4nibus gente, estamos na estrada, estamos sujeito a tudo, fiquem tranquilos que o pior j\u00e1 passou, alguns arranh\u00f5es com algumas pessoas da banda mas nada de t\u00e3o grave que nos preocupe mais, desde j\u00e1 muito obrigada a todos que est\u00e1 dando apoio para gente aqui pr\u00f3ximo a Simpl\u00edcio Mendes a 130 km de Picos no Piau\u00ed, est\u00e1 tudo bem, fiquem tranquilos.\u201d desabafou o cantor.<\/p>\n","protected":false},"excerpt":{"rendered":"<p>O \u00f4nibus da banda de forr\u00f3 Edson Lima e Gatinha Manhosa se envolveu em um acidente na tarde desta sexta-feira, 16, na BR-020,\u00a0no munic\u00edpio de&hellip; <\/p>\n","protected":false},"author":1,"featured_media":73294,"comment_status":"closed","ping_status":"closed","sticky":false,"template":"","format":"standard","meta":{"sfsi_plus_gutenberg_text_before_share":"","sfsi_plus_gutenberg_show_text_before_share":"","sfsi_plus_gutenberg_icon_type":"","sfsi_plus_gutenberg_icon_alignemt":"","sfsi_plus_gutenburg_max_per_row":"","footnotes":""},"categories":[2],"tags":[],"class_list":["post-73293","post","type-post","status-publish","format-standard","has-post-thumbnail","hentry","category-geral"],"_links":{"self":[{"href":"https:\/\/www.caririemacao.com\/1\/wp-json\/wp\/v2\/posts\/73293","targetHints":{"allow":["GET"]}}],"collection":[{"href":"https:\/\/www.caririemacao.com\/1\/wp-json\/wp\/v2\/posts"}],"about":[{"href":"https:\/\/www.caririemacao.com\/1\/wp-json\/wp\/v2\/types\/post"}],"author":[{"embeddable":true,"href":"https:\/\/www.caririemacao.com\/1\/wp-json\/wp\/v2\/users\/1"}],"replies":[{"embeddable":true,"href":"https:\/\/www.caririemacao.com\/1\/wp-json\/wp\/v2\/comments?post=73293"}],"version-history":[{"count":1,"href":"https:\/\/www.caririemacao.com\/1\/wp-json\/wp\/v2\/posts\/73293\/revisions"}],"predecessor-version":[{"id":73297,"href":"https:\/\/www.caririemacao.com\/1\/wp-json\/wp\/v2\/posts\/73293\/revisions\/73297"}],"wp:featuredmedia":[{"embeddable":true,"href":"https:\/\/www.caririemacao.com\/1\/wp-json\/wp\/v2\/media\/73294"}],"wp:attachment":[{"href":"https:\/\/www.caririemacao.com\/1\/wp-json\/wp\/v2\/media?parent=73293"}],"wp:term":[{"taxonomy":"category","embeddable":true,"href":"https:\/\/www.caririemacao.com\/1\/wp-json\/wp\/v2\/categories?post=73293"},{"taxonomy":"post_tag","embeddable":true,"href":"https:\/\/www.caririemacao.com\/1\/wp-json\/wp\/v2\/tags?post=73293"}],"curies":[{"name":"wp","href":"https:\/\/api.w.org\/{rel}","templated":true}]}}