{"id":73307,"date":"2018-11-16T20:54:36","date_gmt":"2018-11-16T23:54:36","guid":{"rendered":"http:\/\/www.caririemacao.com\/1\/?p=73307"},"modified":"2018-11-16T20:54:36","modified_gmt":"2018-11-16T23:54:36","slug":"brasil-vence-o-uruguai-com-gol-de-penalti-de-neymar","status":"publish","type":"post","link":"https:\/\/www.caririemacao.com\/1\/2018\/11\/16\/brasil-vence-o-uruguai-com-gol-de-penalti-de-neymar\/","title":{"rendered":"Brasil vence o Uruguai com gol de p\u00eanalti de Neymar"},"content":{"rendered":"<p>O\u00a0Brasil\u00a0derrotou o\u00a0Uruguai\u00a0por 1 a 0 nesta sexta-feira, no Emirates Stadium, na Inglaterra, em\u00a0amistoso preparat\u00f3rio para a\u00a0Copa Am\u00e9rica 2019. Aos 30 minutos do segundo tempo,\u00a0Neymar\u00a0marcou o gol da vit\u00f3ria brasileira em cobran\u00e7a de p\u00eanalti. A marca\u00e7\u00e3o da penalidade gerou muita reclama\u00e7\u00e3o dos jogadores uruguaios, j\u00e1 que, na origem da jogada, a bola havia tocado no bra\u00e7o de Danilo. Antes do apito inicial, a organiza\u00e7\u00e3o da partida prestou homenagem a\u00a0Aldyr Schlee, criador da camisa amarela da sele\u00e7\u00e3o brasileira, que morreu nesta quinta-feira, em Pelotas, aos 83 anos.<\/p>\n<div id=\"elpais_gpt-INTEXT\" data-google-query-id=\"CI-fu-v52d4CFYF_wQodztQL5Q\">\n<div id=\"google_ads_iframe_\/7811748\/elpais_web\/brasil\/deportes\/intext_0__container__\">Na escala\u00e7\u00e3o do Brasil, Walace e\u00a0Arthur\u00a0formaram a dupla de volantes titular, enquanto Roberto Firmino comp\u00f4s o ataque ao lado de Neymar e Douglas Costa. Pelo lado celeste,\u00a0Mart\u00edn Silva\u00a0(Vasco) e\u00a0De Arrascaeta\u00a0(Cruzeiro), que atuam no futebol brasileiro, n\u00e3o sa\u00edram do banco de reservas.<\/div>\n<div><\/div>\n<\/div>\n<p>Depois de cair nas quartas do Mundial,\u00a0Tite renovou contrato\u00a0com a CBF e vai comandar o time na Copa Am\u00e9rica do Brasil, em 2019. O treinador teve desfalques importantes diante dos uruguaios. Lesionados,\u00a0Casemiro,\u00a0Marcelo\u00a0e\u00a0Philippe Coutinho\u00a0ficaram fora da convoca\u00e7\u00e3o. A maior novidade na lista \u00e9 Allan, volante do Napoli, que estreou pela sele\u00e7\u00e3o no segundo tempo. O \u00faltimo compromisso dos brasileiros este ano \u00e9 contra Camar\u00f5es, no pr\u00f3xima ter\u00e7a-feira (20), em Milton Keynes, tamb\u00e9m na Inglaterra.<\/p>\n","protected":false},"excerpt":{"rendered":"<p>O\u00a0Brasil\u00a0derrotou o\u00a0Uruguai\u00a0por 1 a 0 nesta sexta-feira, no Emirates Stadium, na Inglaterra, em\u00a0amistoso preparat\u00f3rio para a\u00a0Copa Am\u00e9rica 2019. Aos 30 minutos do segundo tempo,\u00a0Neymar\u00a0marcou o&hellip; <\/p>\n","protected":false},"author":1,"featured_media":73308,"comment_status":"closed","ping_status":"closed","sticky":false,"template":"","format":"standard","meta":{"sfsi_plus_gutenberg_text_before_share":"","sfsi_plus_gutenberg_show_text_before_share":"","sfsi_plus_gutenberg_icon_type":"","sfsi_plus_gutenberg_icon_alignemt":"","sfsi_plus_gutenburg_max_per_row":"","footnotes":""},"categories":[13],"tags":[],"class_list":["post-73307","post","type-post","status-publish","format-standard","has-post-thumbnail","hentry","category-esportes"],"_links":{"self":[{"href":"https:\/\/www.caririemacao.com\/1\/wp-json\/wp\/v2\/posts\/73307","targetHints":{"allow":["GET"]}}],"collection":[{"href":"https:\/\/www.caririemacao.com\/1\/wp-json\/wp\/v2\/posts"}],"about":[{"href":"https:\/\/www.caririemacao.com\/1\/wp-json\/wp\/v2\/types\/post"}],"author":[{"embeddable":true,"href":"https:\/\/www.caririemacao.com\/1\/wp-json\/wp\/v2\/users\/1"}],"replies":[{"embeddable":true,"href":"https:\/\/www.caririemacao.com\/1\/wp-json\/wp\/v2\/comments?post=73307"}],"version-history":[{"count":1,"href":"https:\/\/www.caririemacao.com\/1\/wp-json\/wp\/v2\/posts\/73307\/revisions"}],"predecessor-version":[{"id":73309,"href":"https:\/\/www.caririemacao.com\/1\/wp-json\/wp\/v2\/posts\/73307\/revisions\/73309"}],"wp:featuredmedia":[{"embeddable":true,"href":"https:\/\/www.caririemacao.com\/1\/wp-json\/wp\/v2\/media\/73308"}],"wp:attachment":[{"href":"https:\/\/www.caririemacao.com\/1\/wp-json\/wp\/v2\/media?parent=73307"}],"wp:term":[{"taxonomy":"category","embeddable":true,"href":"https:\/\/www.caririemacao.com\/1\/wp-json\/wp\/v2\/categories?post=73307"},{"taxonomy":"post_tag","embeddable":true,"href":"https:\/\/www.caririemacao.com\/1\/wp-json\/wp\/v2\/tags?post=73307"}],"curies":[{"name":"wp","href":"https:\/\/api.w.org\/{rel}","templated":true}]}}