{"id":73311,"date":"2018-11-16T21:38:23","date_gmt":"2018-11-17T00:38:23","guid":{"rendered":"http:\/\/www.caririemacao.com\/1\/?p=73311"},"modified":"2018-11-16T21:38:23","modified_gmt":"2018-11-17T00:38:23","slug":"joao-diz-que-nao-tem-problema-em-se-encontrar-com-bolsonaro-se-houver-convite-oficial","status":"publish","type":"post","link":"https:\/\/www.caririemacao.com\/1\/2018\/11\/16\/joao-diz-que-nao-tem-problema-em-se-encontrar-com-bolsonaro-se-houver-convite-oficial\/","title":{"rendered":"Jo\u00e3o diz que n\u00e3o tem problema em se encontrar com Bolsonaro &#8216;se houver convite oficial&#8217;"},"content":{"rendered":"<div class=\"noticiacorpo\">\n<p class=\" \">O governador Eleito, Jo\u00e3o Azev\u00eado (PSB), comentou em entrevista nesta sexta-feira (16), ao programa Arapuan Verdade, da Arapuan FM, que ir\u00e1 se encontrar com o presidente eleito, Jair Bolsonaro (PSL) se for convidado, mas alegou que a reuni\u00e3o nesta quarta-feira (14) n\u00e3o foi oficial e, al\u00e9m disso, convocada por whatsapp.<\/p>\n<p class=\" \">&#8220;Assim que for convocado pelo presidente estarei presente em qualquer reuni\u00e3o, quando houver convite para participar de reuni\u00e3o qualquer que seja. Se houver um convite oficial por parte do presidente estarei presente, n\u00e3o fui para a \u00faltima reuni\u00e3o porque n\u00e3o houve convite formal, foi feito pelo whatsapp&#8221;, disse.<\/p>\n<p class=\" \">De acordo com Jo\u00e3o, quem convocou a reuni\u00e3o foi o governador eleito de Bras\u00edlia Ibaneis Rocha (MDB). &#8220;tenho muito respeito, mas ele queria fazer apenas uma reuni\u00e3o sem pauta estabelecida&#8221;, finalizou.<\/p>\n<\/div>\n<p class=\"noticia_fonte\">Mar\u00edlia Domingues<\/p>\n","protected":false},"excerpt":{"rendered":"<p>O governador Eleito, Jo\u00e3o Azev\u00eado (PSB), comentou em entrevista nesta sexta-feira (16), ao programa Arapuan Verdade, da Arapuan FM, que ir\u00e1 se encontrar com o&hellip; <\/p>\n","protected":false},"author":1,"featured_media":59625,"comment_status":"closed","ping_status":"closed","sticky":false,"template":"","format":"standard","meta":{"sfsi_plus_gutenberg_text_before_share":"","sfsi_plus_gutenberg_show_text_before_share":"","sfsi_plus_gutenberg_icon_type":"","sfsi_plus_gutenberg_icon_alignemt":"","sfsi_plus_gutenburg_max_per_row":"","footnotes":""},"categories":[11],"tags":[],"class_list":["post-73311","post","type-post","status-publish","format-standard","has-post-thumbnail","hentry","category-politica"],"_links":{"self":[{"href":"https:\/\/www.caririemacao.com\/1\/wp-json\/wp\/v2\/posts\/73311","targetHints":{"allow":["GET"]}}],"collection":[{"href":"https:\/\/www.caririemacao.com\/1\/wp-json\/wp\/v2\/posts"}],"about":[{"href":"https:\/\/www.caririemacao.com\/1\/wp-json\/wp\/v2\/types\/post"}],"author":[{"embeddable":true,"href":"https:\/\/www.caririemacao.com\/1\/wp-json\/wp\/v2\/users\/1"}],"replies":[{"embeddable":true,"href":"https:\/\/www.caririemacao.com\/1\/wp-json\/wp\/v2\/comments?post=73311"}],"version-history":[{"count":1,"href":"https:\/\/www.caririemacao.com\/1\/wp-json\/wp\/v2\/posts\/73311\/revisions"}],"predecessor-version":[{"id":73312,"href":"https:\/\/www.caririemacao.com\/1\/wp-json\/wp\/v2\/posts\/73311\/revisions\/73312"}],"wp:featuredmedia":[{"embeddable":true,"href":"https:\/\/www.caririemacao.com\/1\/wp-json\/wp\/v2\/media\/59625"}],"wp:attachment":[{"href":"https:\/\/www.caririemacao.com\/1\/wp-json\/wp\/v2\/media?parent=73311"}],"wp:term":[{"taxonomy":"category","embeddable":true,"href":"https:\/\/www.caririemacao.com\/1\/wp-json\/wp\/v2\/categories?post=73311"},{"taxonomy":"post_tag","embeddable":true,"href":"https:\/\/www.caririemacao.com\/1\/wp-json\/wp\/v2\/tags?post=73311"}],"curies":[{"name":"wp","href":"https:\/\/api.w.org\/{rel}","templated":true}]}}