{"id":73315,"date":"2018-11-16T21:47:32","date_gmt":"2018-11-17T00:47:32","guid":{"rendered":"http:\/\/www.caririemacao.com\/1\/?p=73315"},"modified":"2018-11-16T21:47:57","modified_gmt":"2018-11-17T00:47:57","slug":"saiba-quanto-devera-ser-o-teto-de-beneficios-do-inss-em-2019","status":"publish","type":"post","link":"https:\/\/www.caririemacao.com\/1\/2018\/11\/16\/saiba-quanto-devera-ser-o-teto-de-beneficios-do-inss-em-2019\/","title":{"rendered":"Saiba quanto dever\u00e1 ser o teto de benef\u00edcios do INSS em 2019"},"content":{"rendered":"<p>O Minist\u00e9rio do Planejamento atualizou nesta ter\u00e7a-feira (13), em apresenta\u00e7\u00e3o \u00e0 Comiss\u00e3o Mista do Or\u00e7amento, a previs\u00e3o para a infla\u00e7\u00e3o deste ano e, com isso, elevou a expectativa de sal\u00e1rio m\u00ednimo para R$ 1.006, em 2019.<\/p>\n<p>Em julho, o governo estimava passar o piso dos sal\u00e1rios e dos benef\u00edcios pagos pelo INSS (Instituto Nacional do Seguro Social) de R$ 954 para R$ 1.002.<\/p>\n<p>O aumento inclui uma estimativa de que o INPC (\u00cdndice Nacional de Pre\u00e7os ao Consumidor) ser\u00e1 de 4,20% neste ano, mais 1% de crescimento do pa\u00eds em 2017 e R$ 1,75 de diferen\u00e7a no m\u00ednimo, que n\u00e3o foram pagos em 2018.<\/p>\n<p>Com esse ajuste, o teto, que \u00e9 o valor m\u00e1ximo de um benef\u00edcio previdenci\u00e1rio, passar\u00e1 de R$ 5.645,81 para R$ 5.882,93 em 2019.<\/p>\n<p>Al\u00e9m de ser a refer\u00eancia de valor para sal\u00e1rios, aposentadorias, pens\u00f5es e aux\u00edlios-doen\u00e7a, o sal\u00e1rio m\u00ednimo tamb\u00e9m tem efeito sobre o abono salarial e o seguro-desemprego, e sobre valor m\u00e1ximo de a\u00e7\u00f5es.<\/p>\n<p>O presidente eleito, Jair Bolsonaro (PSL), ter\u00e1 de definir se manter\u00e1 a atual pol\u00edtica de valoriza\u00e7\u00e3o do m\u00ednimo que, hoje, prev\u00ea a soma da infla\u00e7\u00e3o do ano mais o PIB de dois anos antes.<\/p>\n<p>&nbsp;<\/p>\n<p>FolhaPress<\/p>\n","protected":false},"excerpt":{"rendered":"<p>O Minist\u00e9rio do Planejamento atualizou nesta ter\u00e7a-feira (13), em apresenta\u00e7\u00e3o \u00e0 Comiss\u00e3o Mista do Or\u00e7amento, a previs\u00e3o para a infla\u00e7\u00e3o deste ano e, com isso,&hellip; <\/p>\n","protected":false},"author":1,"featured_media":34917,"comment_status":"closed","ping_status":"closed","sticky":false,"template":"","format":"standard","meta":{"sfsi_plus_gutenberg_text_before_share":"","sfsi_plus_gutenberg_show_text_before_share":"","sfsi_plus_gutenberg_icon_type":"","sfsi_plus_gutenberg_icon_alignemt":"","sfsi_plus_gutenburg_max_per_row":"","footnotes":""},"categories":[50,2],"tags":[],"class_list":["post-73315","post","type-post","status-publish","format-standard","has-post-thumbnail","hentry","category-destaque","category-geral"],"_links":{"self":[{"href":"https:\/\/www.caririemacao.com\/1\/wp-json\/wp\/v2\/posts\/73315","targetHints":{"allow":["GET"]}}],"collection":[{"href":"https:\/\/www.caririemacao.com\/1\/wp-json\/wp\/v2\/posts"}],"about":[{"href":"https:\/\/www.caririemacao.com\/1\/wp-json\/wp\/v2\/types\/post"}],"author":[{"embeddable":true,"href":"https:\/\/www.caririemacao.com\/1\/wp-json\/wp\/v2\/users\/1"}],"replies":[{"embeddable":true,"href":"https:\/\/www.caririemacao.com\/1\/wp-json\/wp\/v2\/comments?post=73315"}],"version-history":[{"count":1,"href":"https:\/\/www.caririemacao.com\/1\/wp-json\/wp\/v2\/posts\/73315\/revisions"}],"predecessor-version":[{"id":73316,"href":"https:\/\/www.caririemacao.com\/1\/wp-json\/wp\/v2\/posts\/73315\/revisions\/73316"}],"wp:featuredmedia":[{"embeddable":true,"href":"https:\/\/www.caririemacao.com\/1\/wp-json\/wp\/v2\/media\/34917"}],"wp:attachment":[{"href":"https:\/\/www.caririemacao.com\/1\/wp-json\/wp\/v2\/media?parent=73315"}],"wp:term":[{"taxonomy":"category","embeddable":true,"href":"https:\/\/www.caririemacao.com\/1\/wp-json\/wp\/v2\/categories?post=73315"},{"taxonomy":"post_tag","embeddable":true,"href":"https:\/\/www.caririemacao.com\/1\/wp-json\/wp\/v2\/tags?post=73315"}],"curies":[{"name":"wp","href":"https:\/\/api.w.org\/{rel}","templated":true}]}}