{"id":73323,"date":"2018-11-17T13:38:27","date_gmt":"2018-11-17T16:38:27","guid":{"rendered":"http:\/\/www.caririemacao.com\/1\/?p=73323"},"modified":"2018-11-17T13:38:27","modified_gmt":"2018-11-17T16:38:27","slug":"selecao-de-amparo-participa-de-amistoso-contra-o-sao-paulo-de-sao-joao-do-cariri","status":"publish","type":"post","link":"https:\/\/www.caririemacao.com\/1\/2018\/11\/17\/selecao-de-amparo-participa-de-amistoso-contra-o-sao-paulo-de-sao-joao-do-cariri\/","title":{"rendered":"Sele\u00e7\u00e3o de Amparo participa de Amistoso contra o S\u00e3o Paulo de S\u00e3o Jo\u00e3o do Cariri"},"content":{"rendered":"<p>Em gesto de companheirismo e solidariedade, a equipe s\u00e3o-paulina resolveu ter a iniciativa de ajudar os familiares do ex-desportista \u201cRoseira\u201d (In memorian) da cidade de Amparo. Os dirigentes das equipes do S\u00e3o Paulo e do Atl\u00e9tico de Amparo articularam e tiveram a ideia de realizar o jogo amistoso para arrecadar alimentos e ajuda financeira para os familiares.<\/p>\n<p><img fetchpriority=\"high\" decoding=\"async\" class=\"wp-image-73245 alignleft\" src=\"http:\/\/www.caririemacao.com\/1\/wp-content\/uploads\/2018\/11\/S%C3%83O-PAULO.jpg?x54455\" sizes=\"(max-width: 1573px) 100vw, 1573px\" srcset=\"http:\/\/www.caririemacao.com\/1\/wp-content\/uploads\/2018\/11\/S\u00c3O-PAULO.jpg 1573w, http:\/\/www.caririemacao.com\/1\/wp-content\/uploads\/2018\/11\/S\u00c3O-PAULO-300x170.jpg 300w, http:\/\/www.caririemacao.com\/1\/wp-content\/uploads\/2018\/11\/S\u00c3O-PAULO-768x435.jpg 768w, http:\/\/www.caririemacao.com\/1\/wp-content\/uploads\/2018\/11\/S\u00c3O-PAULO-1024x580.jpg 1024w\" alt=\"\" width=\"413\" height=\"234\" \/><\/p>\n<p>Com a bola rolando, a equipe s\u00e3o-paulina foi superior durante toda a partida, tendo a maioria de seus atletas que atuam pela equipe s\u00e3ojoense. O resultado acabou ficando em 2 x 0 para equipe do S\u00e3o Paulo. Os gols da partida foram marcados por Diego e Fidelis.<\/p>\n<p>Tivemos tamb\u00e9m a partida preliminar entre a Equipe B do Amparo Atl\u00e9tico Clube contra o Sub-20 do S\u00e3o Paulo, partida que acabou 1\u00d70 para a equipe Amparense, gol marcado por Renato.<\/p>\n<p>Desde j\u00e1, a diretoria do S\u00e3o Paulo agradece a presen\u00e7a dos desportistas e torcedores que prestigiaram a partida no est\u00e1dio municipal em S\u00e3o Jo\u00e3o do Cariri. E \u00e1 todos que colaboraram e fizeram seu gesto de solidariedade aos amigos desportistas da cidade de Amparo.<\/p>\n<p>&nbsp;<\/p>\n<p>Cariri Esporte<\/p>\n","protected":false},"excerpt":{"rendered":"<p>Em gesto de companheirismo e solidariedade, a equipe s\u00e3o-paulina resolveu ter a iniciativa de ajudar os familiares do ex-desportista \u201cRoseira\u201d (In memorian) da cidade de&hellip; <\/p>\n","protected":false},"author":1,"featured_media":73324,"comment_status":"closed","ping_status":"closed","sticky":false,"template":"","format":"standard","meta":{"sfsi_plus_gutenberg_text_before_share":"","sfsi_plus_gutenberg_show_text_before_share":"","sfsi_plus_gutenberg_icon_type":"","sfsi_plus_gutenberg_icon_alignemt":"","sfsi_plus_gutenburg_max_per_row":"","footnotes":""},"categories":[13],"tags":[],"class_list":["post-73323","post","type-post","status-publish","format-standard","has-post-thumbnail","hentry","category-esportes"],"_links":{"self":[{"href":"https:\/\/www.caririemacao.com\/1\/wp-json\/wp\/v2\/posts\/73323","targetHints":{"allow":["GET"]}}],"collection":[{"href":"https:\/\/www.caririemacao.com\/1\/wp-json\/wp\/v2\/posts"}],"about":[{"href":"https:\/\/www.caririemacao.com\/1\/wp-json\/wp\/v2\/types\/post"}],"author":[{"embeddable":true,"href":"https:\/\/www.caririemacao.com\/1\/wp-json\/wp\/v2\/users\/1"}],"replies":[{"embeddable":true,"href":"https:\/\/www.caririemacao.com\/1\/wp-json\/wp\/v2\/comments?post=73323"}],"version-history":[{"count":1,"href":"https:\/\/www.caririemacao.com\/1\/wp-json\/wp\/v2\/posts\/73323\/revisions"}],"predecessor-version":[{"id":73325,"href":"https:\/\/www.caririemacao.com\/1\/wp-json\/wp\/v2\/posts\/73323\/revisions\/73325"}],"wp:featuredmedia":[{"embeddable":true,"href":"https:\/\/www.caririemacao.com\/1\/wp-json\/wp\/v2\/media\/73324"}],"wp:attachment":[{"href":"https:\/\/www.caririemacao.com\/1\/wp-json\/wp\/v2\/media?parent=73323"}],"wp:term":[{"taxonomy":"category","embeddable":true,"href":"https:\/\/www.caririemacao.com\/1\/wp-json\/wp\/v2\/categories?post=73323"},{"taxonomy":"post_tag","embeddable":true,"href":"https:\/\/www.caririemacao.com\/1\/wp-json\/wp\/v2\/tags?post=73323"}],"curies":[{"name":"wp","href":"https:\/\/api.w.org\/{rel}","templated":true}]}}