{"id":73335,"date":"2018-11-17T13:56:55","date_gmt":"2018-11-17T16:56:55","guid":{"rendered":"http:\/\/www.caririemacao.com\/1\/?p=73335"},"modified":"2018-11-17T13:56:55","modified_gmt":"2018-11-17T16:56:55","slug":"bolsonaro-tera-uma-serie-de-reunioes-na-proxima-semana-em-brasilia","status":"publish","type":"post","link":"https:\/\/www.caririemacao.com\/1\/2018\/11\/17\/bolsonaro-tera-uma-serie-de-reunioes-na-proxima-semana-em-brasilia\/","title":{"rendered":"Bolsonaro ter\u00e1 uma s\u00e9rie de reuni\u00f5es na pr\u00f3xima semana em Bras\u00edlia"},"content":{"rendered":"<p>O presidente eleito Jair Bolsonaro passar\u00e1 tr\u00eas dias da pr\u00f3xima semana em Bras\u00edlia. Na agenda de compromissos, conversas com a procuradora-geral da Rep\u00fablica, Raquel Dogde e visita ao Tribunal de Contas da Uni\u00e3o (TCU), al\u00e9m de reuni\u00f5es no gabinete de transi\u00e7\u00e3o. Est\u00e1 prevista tamb\u00e9m a participa\u00e7\u00e3o de Bolsonaro no f\u00f3rum de governadores do Nordeste. O presidente eleito dever\u00e1 ficar de ter\u00e7a-feira (20) a quinta-feira (22) na capital federal.<\/p>\n<p>Bolsonaro dever\u00e1 desembarcar em Bras\u00edlia na manh\u00e3 de ter\u00e7a-feira (20) e se reunir logo cedo com o ministro da Transpar\u00eancia e Controladoria-Geral da Uni\u00e3o (CGU), Wagner Ros\u00e1rio. Inicialmente, o presidente eleito anunciou que parte da CGU poder\u00e1 ser absorvida pelo Minist\u00e9rio da Justi\u00e7a. A defini\u00e7\u00e3o est\u00e1 em aberto.<\/p>\n<p>Tamb\u00e9m para a ter\u00e7a-feira est\u00e3o previstas reuni\u00f5es com o ministro extraordin\u00e1rio da transi\u00e7\u00e3o, Onyx Lorenzoni, e representantes da Associa\u00e7\u00e3o das Santas Casas do Brasil, no Centro Cultural do Banco do Brasil (CCBB).<\/p>\n<p>As reuni\u00f5es com o presidente do Tribunal de Contas da Uni\u00e3o (TCU), ministro Raimundo Carreiro, e a procuradora-geral da Rep\u00fablica, Raquel Dodge, est\u00e3o previstas para a tarde de ter\u00e7a-feira.<\/p>\n<p>Na quarta-feira (21), Bolsonaro dever\u00e1 se reunir com os governadores eleitos e reeleitos do Nordeste. Na semana passada, o governador do Piau\u00ed, Wellington Dias, confirmou o encontro, uma vez que, entre os governadores da regi\u00e3o, ele foi o \u00fanico que p\u00f4de comparecer ao encontro de governadores eleitos promovido em Bras\u00edlia pelos futuros governadores de S\u00e3o Paulo, Jo\u00e3o Doria, e do Distrito Federal, Ibaneis Rocha.<\/p>\n<p>H\u00e1 ainda a possibilidade. n\u00e3o confirmada oficialmente, de o presidente eleito ir para S\u00e3o Paulo. Bolsonaro dever\u00e1 ser submetido a uma bateria de exames, no Hospital Albert Einstein, para preparar a retirada da bolsa de colostomia. A cirurgia para remo\u00e7\u00e3o da bolsa est\u00e1 prevista para 12 de dezembro.<\/p>\n<p>Ag\u00eancia Brasil<\/p>\n","protected":false},"excerpt":{"rendered":"<p>O presidente eleito Jair Bolsonaro passar\u00e1 tr\u00eas dias da pr\u00f3xima semana em Bras\u00edlia. Na agenda de compromissos, conversas com a procuradora-geral da Rep\u00fablica, Raquel Dogde&hellip; <\/p>\n","protected":false},"author":1,"featured_media":72861,"comment_status":"closed","ping_status":"closed","sticky":false,"template":"","format":"standard","meta":{"sfsi_plus_gutenberg_text_before_share":"","sfsi_plus_gutenberg_show_text_before_share":"","sfsi_plus_gutenberg_icon_type":"","sfsi_plus_gutenberg_icon_alignemt":"","sfsi_plus_gutenburg_max_per_row":"","footnotes":""},"categories":[11],"tags":[],"class_list":["post-73335","post","type-post","status-publish","format-standard","has-post-thumbnail","hentry","category-politica"],"_links":{"self":[{"href":"https:\/\/www.caririemacao.com\/1\/wp-json\/wp\/v2\/posts\/73335","targetHints":{"allow":["GET"]}}],"collection":[{"href":"https:\/\/www.caririemacao.com\/1\/wp-json\/wp\/v2\/posts"}],"about":[{"href":"https:\/\/www.caririemacao.com\/1\/wp-json\/wp\/v2\/types\/post"}],"author":[{"embeddable":true,"href":"https:\/\/www.caririemacao.com\/1\/wp-json\/wp\/v2\/users\/1"}],"replies":[{"embeddable":true,"href":"https:\/\/www.caririemacao.com\/1\/wp-json\/wp\/v2\/comments?post=73335"}],"version-history":[{"count":1,"href":"https:\/\/www.caririemacao.com\/1\/wp-json\/wp\/v2\/posts\/73335\/revisions"}],"predecessor-version":[{"id":73336,"href":"https:\/\/www.caririemacao.com\/1\/wp-json\/wp\/v2\/posts\/73335\/revisions\/73336"}],"wp:featuredmedia":[{"embeddable":true,"href":"https:\/\/www.caririemacao.com\/1\/wp-json\/wp\/v2\/media\/72861"}],"wp:attachment":[{"href":"https:\/\/www.caririemacao.com\/1\/wp-json\/wp\/v2\/media?parent=73335"}],"wp:term":[{"taxonomy":"category","embeddable":true,"href":"https:\/\/www.caririemacao.com\/1\/wp-json\/wp\/v2\/categories?post=73335"},{"taxonomy":"post_tag","embeddable":true,"href":"https:\/\/www.caririemacao.com\/1\/wp-json\/wp\/v2\/tags?post=73335"}],"curies":[{"name":"wp","href":"https:\/\/api.w.org\/{rel}","templated":true}]}}