{"id":73342,"date":"2018-11-17T14:09:30","date_gmt":"2018-11-17T17:09:30","guid":{"rendered":"http:\/\/www.caririemacao.com\/1\/?p=73342"},"modified":"2018-11-17T14:09:31","modified_gmt":"2018-11-17T17:09:31","slug":"jovem-de-17-anos-morre-em-acidente-de-carro-proximo-a-cidade-de-teixeira-pb","status":"publish","type":"post","link":"https:\/\/www.caririemacao.com\/1\/2018\/11\/17\/jovem-de-17-anos-morre-em-acidente-de-carro-proximo-a-cidade-de-teixeira-pb\/","title":{"rendered":"Jovem de 17 anos morre em acidente de carro pr\u00f3ximo \u00e0 cidade de Teixeira-PB"},"content":{"rendered":"<p>Um jovem de 17 anos morreu em um acidente apos o ve\u00edculo capotar na madrugada deste s\u00e1bado (17), quando retornava de Brejinho para Teixeira no sert\u00e3o da Para\u00edba.<\/p>\n<p>Segundo informa\u00e7\u00f5es, o ve\u00edculo em que o jovem Diogo Victor dos Santos Silva, v\u00edtima fatal, estava, vinham mais tr\u00eas\u00a0pessoas, uma vez que Diogo ocupava o banco de traz do carro e estava sem o cinto de seguran\u00e7a.<\/p>\n<p>Na \u00faltima curva entre Brejinho e Teixeira, o carro capotou e Diogo foi arremessado para fora do ve\u00edculo, sofrendo uma pancada na cabe\u00e7a. Os outros ocupantes do veiculo estavam com cinto de seguran\u00e7a e n\u00e3o sofreram nada.<\/p>\n<p>O corpo de Diogo foi encaminhado para o IML de Patos.<\/p>\n<p>O Instituto Educacional Vera Cruz emitiu uma nota de pesar onde destaca a qualidade do aluno e suas brincadeiras. \u201cVai ser dificil chegar segunda-feira e n\u00e3o encontrar tua alegria, teu sorriso f\u00e1cil, tua vida cheia de vida\u2026Estamos muito tristes, menininho! Descanse em paz, deixa que cuidamos dos seus amigos\/colegas por aqui, viu\u201d.<\/p>\n<p>O Encontro de Jovens com Cristo (EJC), da Par\u00f3quia do Santo Ant\u00f4nio, tamb\u00e9m lamentou a morte do rapaz.<\/p>\n<p><img fetchpriority=\"high\" decoding=\"async\" class=\"aligncenter size-full wp-image-11695\" src=\"http:\/\/hora1pb.com.br\/wp-content\/uploads\/2018\/11\/854215AB-5E33-4067-A951-F21142E40955.jpeg\" sizes=\"(max-width: 305px) 100vw, 305px\" srcset=\"http:\/\/hora1pb.com.br\/wp-content\/uploads\/2018\/11\/854215AB-5E33-4067-A951-F21142E40955.jpeg 305w, http:\/\/hora1pb.com.br\/wp-content\/uploads\/2018\/11\/854215AB-5E33-4067-A951-F21142E40955-300x274.jpeg 300w\" alt=\"\" width=\"305\" height=\"279\" \/><\/p>\n","protected":false},"excerpt":{"rendered":"<p>Um jovem de 17 anos morreu em um acidente apos o ve\u00edculo capotar na madrugada deste s\u00e1bado (17), quando retornava de Brejinho para Teixeira no&hellip; <\/p>\n","protected":false},"author":1,"featured_media":73343,"comment_status":"closed","ping_status":"closed","sticky":false,"template":"","format":"standard","meta":{"sfsi_plus_gutenberg_text_before_share":"","sfsi_plus_gutenberg_show_text_before_share":"","sfsi_plus_gutenberg_icon_type":"","sfsi_plus_gutenberg_icon_alignemt":"","sfsi_plus_gutenburg_max_per_row":"","footnotes":""},"categories":[12],"tags":[],"class_list":["post-73342","post","type-post","status-publish","format-standard","has-post-thumbnail","hentry","category-policia"],"_links":{"self":[{"href":"https:\/\/www.caririemacao.com\/1\/wp-json\/wp\/v2\/posts\/73342","targetHints":{"allow":["GET"]}}],"collection":[{"href":"https:\/\/www.caririemacao.com\/1\/wp-json\/wp\/v2\/posts"}],"about":[{"href":"https:\/\/www.caririemacao.com\/1\/wp-json\/wp\/v2\/types\/post"}],"author":[{"embeddable":true,"href":"https:\/\/www.caririemacao.com\/1\/wp-json\/wp\/v2\/users\/1"}],"replies":[{"embeddable":true,"href":"https:\/\/www.caririemacao.com\/1\/wp-json\/wp\/v2\/comments?post=73342"}],"version-history":[{"count":1,"href":"https:\/\/www.caririemacao.com\/1\/wp-json\/wp\/v2\/posts\/73342\/revisions"}],"predecessor-version":[{"id":73344,"href":"https:\/\/www.caririemacao.com\/1\/wp-json\/wp\/v2\/posts\/73342\/revisions\/73344"}],"wp:featuredmedia":[{"embeddable":true,"href":"https:\/\/www.caririemacao.com\/1\/wp-json\/wp\/v2\/media\/73343"}],"wp:attachment":[{"href":"https:\/\/www.caririemacao.com\/1\/wp-json\/wp\/v2\/media?parent=73342"}],"wp:term":[{"taxonomy":"category","embeddable":true,"href":"https:\/\/www.caririemacao.com\/1\/wp-json\/wp\/v2\/categories?post=73342"},{"taxonomy":"post_tag","embeddable":true,"href":"https:\/\/www.caririemacao.com\/1\/wp-json\/wp\/v2\/tags?post=73342"}],"curies":[{"name":"wp","href":"https:\/\/api.w.org\/{rel}","templated":true}]}}