{"id":73345,"date":"2018-11-17T14:17:47","date_gmt":"2018-11-17T17:17:47","guid":{"rendered":"http:\/\/www.caririemacao.com\/1\/?p=73345"},"modified":"2018-11-17T14:17:47","modified_gmt":"2018-11-17T17:17:47","slug":"com-saida-de-cubanos-cerca-de-600-cidades-podem-ficar-sem-medico-diz-entidade","status":"publish","type":"post","link":"https:\/\/www.caririemacao.com\/1\/2018\/11\/17\/com-saida-de-cubanos-cerca-de-600-cidades-podem-ficar-sem-medico-diz-entidade\/","title":{"rendered":"Com sa\u00edda de cubanos, cerca de 600 cidades podem ficar sem m\u00e9dico, diz entidade"},"content":{"rendered":"<div class=\"noticiacorpo\">\n<p class=\"content-textcontainer\">Com a sa\u00edda dos cubanos do Mais M\u00e9dicos, cerca de 600 munic\u00edpios brasileiros podem ficar sem nenhum m\u00e9dico da rede p\u00fablica a partir do dia 25 de dezembro, segundo o Conselho Nacional de Secretarias Municipais de Sa\u00fade (Conasems).<\/p>\n<p class=\"content-textcontainer\" data-track-category=\"Link no Texto\">De acordo com o presidente da entidade, Mauro Junqueira, essas cidades possuem somente m\u00e9dicos cubanos, que come\u00e7am a deixar o programa federal em 25 de novembro \u2013\u00a0<strong>a data j\u00e1 constava de um comunicado do governo cubano\u00a0<\/strong>a m\u00e9dicos que atuam no Paran\u00e1, conforme adiantou o\u00a0<strong>G1<\/strong>. Os \u00faltimos cubanos\u00a0<strong>dever\u00e3o deixar o pa\u00eds at\u00e9 o Natal<\/strong>.<\/p>\n<p class=\"content-textcontainer\" data-track-category=\"Link no Texto\">Na \u00faltima quarta (14), o governo de Cuba\u00a0<strong>anunciou a decis\u00e3o de deixar o Mais M\u00e9dicos<\/strong>, citando &#8220;refer\u00eancias diretas, depreciativas e amea\u00e7adoras&#8221; feitas pelo presidente eleito Jair Bolsonaro \u00e0 presen\u00e7a dos m\u00e9dicos cubanos no Brasil.<\/p>\n<p class=\"content-textcontainer\" data-track-category=\"Link no Texto\">Bolsonaro afirma que o governo cubano deixar o programa por\u00a0<strong>n\u00e3o concordar com o teste de capacidade<\/strong>. Para ele, \u00e9 &#8220;desumano&#8221; dar aos mais pobres\u00a0<strong>atendimento m\u00e9dico &#8220;sem garantia&#8221;<\/strong>.<\/p>\n<p class=\"content-textcontainer\" data-track-category=\"Link no Texto\">Cuba enviava profissionais para atuar no Brasil desde 2013, quando o programa foi criado durante o governo da ex-presidente Dilma Rousseff. Pouco mais da\u00a0<strong>metade dos atuais 16 mil participantes<\/strong>\u00a0do Mais M\u00e9dicos s\u00e3o de Cuba.<\/p>\n<p class=\"content-textcontainer\" data-track-category=\"Link no Texto\">Como medida emergencial para suprir as vagas que ser\u00e3o abertas, o Minist\u00e9rio da Sa\u00fade disse que\u00a0<strong>lan\u00e7ar\u00e1 um edital nos pr\u00f3ximos dias<\/strong>.<\/p>\n<p class=\"content-textcontainer\" data-track-category=\"Link no Texto\">Na segunda-feira (19), representantes do Conasems e do Minist\u00e9rio da Sa\u00fade v\u00e3o se reunir para discutir detalhes do edital. Junqueira explica que o objetivo \u00e9 tentar encurtar ao m\u00e1ximo os prazos de convoca\u00e7\u00e3o dos novos m\u00e9dicos para preencher o quanto antes as vagas.<\/p>\n<p class=\"content-textcontainer\" data-track-category=\"Link no Texto\">\u201cO minist\u00e9rio se comprometeu a publicar o edital e a\u00ed tem os prazos legais para a primeira chamada. Queremos ver se \u00e9 poss\u00edvel diminuir os prazos para os primeiros m\u00e9dicos j\u00e1 come\u00e7arem a trabalhar em fevereiro [de 2019]\u201d, afirmou.<\/p>\n<p class=\"content-textcontainer\" data-track-category=\"Link no Texto\">Na avalia\u00e7\u00e3o dele, a situa\u00e7\u00e3o nesses cerca de 600 munic\u00edpios dever\u00e1 ficar mais cr\u00edtica em janeiro, quando os m\u00e9dicos cubanos j\u00e1 ter\u00e3o partido e os brasileiros ainda n\u00e3o estar\u00e3o aptos a trabalharem.<\/p>\n<p class=\"content-textcontainer\">\u201cSe for apenas um m\u00eas, d\u00e1 para passar, mas ficar\u00e1 muito complicado se demorar tr\u00eas ou quatro meses para preencher essas vagas\u201d, disse.<\/p>\n<p class=\"content-textcontainer\" data-track-category=\"Link no Texto\">Segundo ele, a situa\u00e7\u00e3o se agrava porque atualmente j\u00e1 h\u00e1 cerca de 1.600 vagas dentro do programa n\u00e3o preenchidas.<\/p>\n<h2>Chamadas<\/h2>\n<p class=\"content-textcontainer\">Pelas regras do Mais M\u00e9dicos, os m\u00e9dicos brasileiros e estrangeiros formados no Brasil t\u00eam prioridade para ingressarem no programa.<\/p>\n<p class=\"content-textcontainer\" data-track-category=\"Link no Texto\">Depois, s\u00e3o convocados m\u00e9dicos formados fora do Brasil que tenham revalidado o diploma no pa\u00eds, com o exame chamado Revalida.<\/p>\n<p class=\"content-textcontainer\" data-track-category=\"Link no Texto\">Na sequ\u00eancia, s\u00e3o chamados m\u00e9dicos brasileiros formados no exterior. Depois, a regra prev\u00ea que sejam convidados m\u00e9dicos estrangeiros formados no exterior.<\/p>\n<p class=\"content-textcontainer\" data-track-category=\"Link no Texto\">Somente depois dessas etapas \u00e9 que governo brasileiro oferecia as vagas aos m\u00e9dicos cubanos. Segundo Mauro Junqueira, nos \u00faltimos editais, s\u00f3 m\u00e9dicos brasileiros ingressaram no programa.<\/p>\n<h2>Substitui\u00e7\u00e3o<\/h2>\n<p class=\"content-textcontainer\">Para substituir os cubanos, uma das alternativas estudadas pelo Minist\u00e9rio da Sa\u00fade \u00e9 chamar m\u00e9dicos brasileiros que se formaram\u00a0<strong>usando recursos do Fundo de Financiamento Estudantil (Fies)<\/strong>. Em troca, eles teriam parte da d\u00edvida do financiamento abatida.<\/p>\n<p class=\"content-textcontainer\" data-track-category=\"Link no Texto\">Os detalhes da proposta, que ser\u00e1 levada \u00e0 equipe de transi\u00e7\u00e3o de Bolsonaro, ainda n\u00e3o est\u00e3o fechados, segundo o ministro da Sa\u00fade, Gilberto Occhi.<\/p>\n<\/div>\n<p class=\"noticia_fonte\">G1<\/p>\n","protected":false},"excerpt":{"rendered":"<p>Com a sa\u00edda dos cubanos do Mais M\u00e9dicos, cerca de 600 munic\u00edpios brasileiros podem ficar sem nenhum m\u00e9dico da rede p\u00fablica a partir do dia&hellip; <\/p>\n","protected":false},"author":1,"featured_media":73019,"comment_status":"closed","ping_status":"closed","sticky":false,"template":"","format":"standard","meta":{"sfsi_plus_gutenberg_text_before_share":"","sfsi_plus_gutenberg_show_text_before_share":"","sfsi_plus_gutenberg_icon_type":"","sfsi_plus_gutenberg_icon_alignemt":"","sfsi_plus_gutenburg_max_per_row":"","footnotes":""},"categories":[16],"tags":[],"class_list":["post-73345","post","type-post","status-publish","format-standard","has-post-thumbnail","hentry","category-saude"],"_links":{"self":[{"href":"https:\/\/www.caririemacao.com\/1\/wp-json\/wp\/v2\/posts\/73345","targetHints":{"allow":["GET"]}}],"collection":[{"href":"https:\/\/www.caririemacao.com\/1\/wp-json\/wp\/v2\/posts"}],"about":[{"href":"https:\/\/www.caririemacao.com\/1\/wp-json\/wp\/v2\/types\/post"}],"author":[{"embeddable":true,"href":"https:\/\/www.caririemacao.com\/1\/wp-json\/wp\/v2\/users\/1"}],"replies":[{"embeddable":true,"href":"https:\/\/www.caririemacao.com\/1\/wp-json\/wp\/v2\/comments?post=73345"}],"version-history":[{"count":1,"href":"https:\/\/www.caririemacao.com\/1\/wp-json\/wp\/v2\/posts\/73345\/revisions"}],"predecessor-version":[{"id":73346,"href":"https:\/\/www.caririemacao.com\/1\/wp-json\/wp\/v2\/posts\/73345\/revisions\/73346"}],"wp:featuredmedia":[{"embeddable":true,"href":"https:\/\/www.caririemacao.com\/1\/wp-json\/wp\/v2\/media\/73019"}],"wp:attachment":[{"href":"https:\/\/www.caririemacao.com\/1\/wp-json\/wp\/v2\/media?parent=73345"}],"wp:term":[{"taxonomy":"category","embeddable":true,"href":"https:\/\/www.caririemacao.com\/1\/wp-json\/wp\/v2\/categories?post=73345"},{"taxonomy":"post_tag","embeddable":true,"href":"https:\/\/www.caririemacao.com\/1\/wp-json\/wp\/v2\/tags?post=73345"}],"curies":[{"name":"wp","href":"https:\/\/api.w.org\/{rel}","templated":true}]}}