{"id":73347,"date":"2018-11-17T14:21:22","date_gmt":"2018-11-17T17:21:22","guid":{"rendered":"http:\/\/www.caririemacao.com\/1\/?p=73347"},"modified":"2018-11-17T14:21:22","modified_gmt":"2018-11-17T17:21:22","slug":"dia-internacional-do-homem-quatro-mitos-e-verdades-sobre-disfuncao-eretil","status":"publish","type":"post","link":"https:\/\/www.caririemacao.com\/1\/2018\/11\/17\/dia-internacional-do-homem-quatro-mitos-e-verdades-sobre-disfuncao-eretil\/","title":{"rendered":"Dia Internacional do Homem: quatro mitos e verdades sobre disfun\u00e7\u00e3o er\u00e9til"},"content":{"rendered":"<div class=\"noticiacorpo\">\n<p>Nesta segunda-feira (19\/11) \u00e9 lembrado o Dia Internacional do Homem. A data visa chamar aten\u00e7\u00e3o para cuidados com a sa\u00fade masculina, refor\u00e7ando tamb\u00e9m a campanha do Novembro azul. A a\u00e7\u00e3o visa conscientizar a popula\u00e7\u00e3o masculina sobre a import\u00e2ncia da consulta e do diagn\u00f3stico precoce, do c\u00e2ncer de pr\u00f3stata, segundo tipo mais comum entre os homens, de acordo com o Instituto Nacional de C\u00e2ncer Jos\u00e9 Alencar Gomes da Silva (Inca).<\/p>\n<p>Estima-se que por volta dos 40 anos,\u00a0<strong>todo homem pode apresentar algum grau de disfun\u00e7\u00e3o er\u00e9til<\/strong>e, conforme pesquisas, o n\u00famero pode crescer em at\u00e9 10% a cada d\u00e9cada de vida.<\/p>\n<p>Para o m\u00e9dico urologista Carlos Watanabe, da Alian\u00e7a Instituto de Oncologia, o sexo ainda \u00e9 motivo de preconceito entre os homens. &#8220;Muitos pacientes v\u00e3o ao consult\u00f3rio perguntando coisas simples. Geralmente falta di\u00e1logo com a parceira ou parceiro, al\u00e9m do que o homem n\u00e3o tem coragem de comentar o assunto com amigos&#8221;, comenta.<\/p>\n<div>O especialista explica que a disfun\u00e7\u00e3o er\u00e9til pode influenciar n\u00e3o s\u00f3 a vida sexual do homem, como afetar o seu psicol\u00f3gico. Apesar da gravidade, o problema ainda \u00e9 pouco debatido fora dos consult\u00f3rios.<\/div>\n<div>Pensando nisso, Carlos Watanabe respondeu algumas d\u00favidas do p\u00fablico masculino. Confira:<\/div>\n<div><strong>MITO OU VERDADE: A disfun\u00e7\u00e3o er\u00e9til \u00e9 causada apenas pela falta de libido.<\/strong><\/div>\n<div>&#8211; Mito. A disfun\u00e7\u00e3o pode ser causada por diferentes fatores, desde a falta de libido, excesso de peso e problemas psicol\u00f3gicos, por exemplo, at\u00e9 por uma indica\u00e7\u00e3o de poss\u00edveis doen\u00e7as mais graves, como problemas cardiovasculares.<\/div>\n<div><strong>MITO OU VERDADE: O uso de alguns medicamentos pode causar disfun\u00e7\u00e3o er\u00e9til?<\/strong><\/div>\n<div>&#8211; Verdade. Pacientes com doen\u00e7as como depress\u00e3o, hipertens\u00e3o, e diabetes que fazem uso frequente de medicamentos podem apresentar altera\u00e7\u00f5es na fun\u00e7\u00e3o er\u00e9til. Tabagismo e tamb\u00e9m \u00e9 considerado fator de risco.<\/div>\n<div><strong>MITO OU VERDADE: Excesso de peso ou obesidade n\u00e3o pode causar disfun\u00e7\u00e3o.<\/strong><\/div>\n<div>&#8211; Mito. Al\u00e9m de ser fator de risco para graves doen\u00e7as como c\u00e2ncer e hipertens\u00e3o, estudos apontam que o grau de incid\u00eancia de disfun\u00e7\u00e3o entre os homens obesos \u00e9 superior ao da popula\u00e7\u00e3o com peso saud\u00e1vel. Controlando os h\u00e1bitos alimentares, perdendo peso e mantendo uma rotina ben\u00e9fica \u00e9 poss\u00edvel recuperar a atividade sexual.<\/div>\n<div><strong>MITO OU VERDADE: Atividade f\u00edsica ajuda a evitar a disfun\u00e7\u00e3o er\u00e9til.<\/strong><\/div>\n<div>Verdade. Os pacientes que praticam exerc\u00edcios regulares e mant\u00eam uma rotina alimentar saud\u00e1vel t\u00eam um fator de prote\u00e7\u00e3o com rela\u00e7\u00e3o a disfun\u00e7\u00e3o er\u00e9til. Eles se tornam mais resistentes n\u00e3o apenas a isso, mas a v\u00e1rias outras altera\u00e7\u00f5es na sa\u00fade, garantindo assim melhor qualidade de vida n\u00e3o apenas no \u00e2mbito sexual.<\/div>\n<\/div>\n<p class=\"noticia_fonte\">Assessoria<\/p>\n","protected":false},"excerpt":{"rendered":"<p>Nesta segunda-feira (19\/11) \u00e9 lembrado o Dia Internacional do Homem. A data visa chamar aten\u00e7\u00e3o para cuidados com a sa\u00fade masculina, refor\u00e7ando tamb\u00e9m a campanha&hellip; <\/p>\n","protected":false},"author":1,"featured_media":73348,"comment_status":"closed","ping_status":"closed","sticky":false,"template":"","format":"standard","meta":{"sfsi_plus_gutenberg_text_before_share":"","sfsi_plus_gutenberg_show_text_before_share":"","sfsi_plus_gutenberg_icon_type":"","sfsi_plus_gutenberg_icon_alignemt":"","sfsi_plus_gutenburg_max_per_row":"","footnotes":""},"categories":[50,16],"tags":[],"class_list":["post-73347","post","type-post","status-publish","format-standard","has-post-thumbnail","hentry","category-destaque","category-saude"],"_links":{"self":[{"href":"https:\/\/www.caririemacao.com\/1\/wp-json\/wp\/v2\/posts\/73347","targetHints":{"allow":["GET"]}}],"collection":[{"href":"https:\/\/www.caririemacao.com\/1\/wp-json\/wp\/v2\/posts"}],"about":[{"href":"https:\/\/www.caririemacao.com\/1\/wp-json\/wp\/v2\/types\/post"}],"author":[{"embeddable":true,"href":"https:\/\/www.caririemacao.com\/1\/wp-json\/wp\/v2\/users\/1"}],"replies":[{"embeddable":true,"href":"https:\/\/www.caririemacao.com\/1\/wp-json\/wp\/v2\/comments?post=73347"}],"version-history":[{"count":1,"href":"https:\/\/www.caririemacao.com\/1\/wp-json\/wp\/v2\/posts\/73347\/revisions"}],"predecessor-version":[{"id":73349,"href":"https:\/\/www.caririemacao.com\/1\/wp-json\/wp\/v2\/posts\/73347\/revisions\/73349"}],"wp:featuredmedia":[{"embeddable":true,"href":"https:\/\/www.caririemacao.com\/1\/wp-json\/wp\/v2\/media\/73348"}],"wp:attachment":[{"href":"https:\/\/www.caririemacao.com\/1\/wp-json\/wp\/v2\/media?parent=73347"}],"wp:term":[{"taxonomy":"category","embeddable":true,"href":"https:\/\/www.caririemacao.com\/1\/wp-json\/wp\/v2\/categories?post=73347"},{"taxonomy":"post_tag","embeddable":true,"href":"https:\/\/www.caririemacao.com\/1\/wp-json\/wp\/v2\/tags?post=73347"}],"curies":[{"name":"wp","href":"https:\/\/api.w.org\/{rel}","templated":true}]}}