{"id":73352,"date":"2018-11-17T14:33:40","date_gmt":"2018-11-17T17:33:40","guid":{"rendered":"http:\/\/www.caririemacao.com\/1\/?p=73352"},"modified":"2018-11-17T14:33:40","modified_gmt":"2018-11-17T17:33:40","slug":"prefeitura-de-ssu-divulga-atracoes-do-dia-19-da-festa-de-sao-sebastiao","status":"publish","type":"post","link":"https:\/\/www.caririemacao.com\/1\/2018\/11\/17\/prefeitura-de-ssu-divulga-atracoes-do-dia-19-da-festa-de-sao-sebastiao\/","title":{"rendered":"Prefeitura de SSU divulga atra\u00e7\u00f5es do dia 19 da festa de S\u00e3o Sebasti\u00e3o"},"content":{"rendered":"<p>A Prefeitura de S\u00e3o Sebasti\u00e3o do Umbuzeiro divulgou as atra\u00e7\u00f5es do dia 19 de janeiro, dentro da programa\u00e7\u00e3o da festa do Padroeiro S\u00e3o Sebasti\u00e3o 2019. A data \u00e9 organizada pela prefeitura, e dedicada ao funcionalismo p\u00fablico.<\/p>\n<p>As atra\u00e7\u00f5es confirmadas s\u00e3o: Ot\u00e1vio do Acordeon, Gil Mendes e Ciel Rodrigues. No palco alternativo, a anima\u00e7\u00e3o do DJ Marcos Som.<\/p>\n<p>O Prefeito ressaltou que mesmo diante a crise financeira que atinge os munic\u00edpios, a prefeitura municipal realiza mais uma vez o seu dia com grande estilo e atra\u00e7\u00f5es de renome nacional.<\/p>\n<p>A festa de S\u00e3o Sebasti\u00e3o acontece entre os dias 10 e 20 de janeiro de 2019, e a programa\u00e7\u00e3o completa ser\u00e1 divulgada no in\u00edcio de dezembro pela presid\u00eancia da festa, que conta com total apoio da Prefeitura Municipal.<\/p>\n","protected":false},"excerpt":{"rendered":"<p>A Prefeitura de S\u00e3o Sebasti\u00e3o do Umbuzeiro divulgou as atra\u00e7\u00f5es do dia 19 de janeiro, dentro da programa\u00e7\u00e3o da festa do Padroeiro S\u00e3o Sebasti\u00e3o 2019.&hellip; <\/p>\n","protected":false},"author":1,"featured_media":73353,"comment_status":"closed","ping_status":"closed","sticky":false,"template":"","format":"standard","meta":{"sfsi_plus_gutenberg_text_before_share":"","sfsi_plus_gutenberg_show_text_before_share":"","sfsi_plus_gutenberg_icon_type":"","sfsi_plus_gutenberg_icon_alignemt":"","sfsi_plus_gutenburg_max_per_row":"","footnotes":""},"categories":[6],"tags":[],"class_list":["post-73352","post","type-post","status-publish","format-standard","has-post-thumbnail","hentry","category-cidades"],"_links":{"self":[{"href":"https:\/\/www.caririemacao.com\/1\/wp-json\/wp\/v2\/posts\/73352","targetHints":{"allow":["GET"]}}],"collection":[{"href":"https:\/\/www.caririemacao.com\/1\/wp-json\/wp\/v2\/posts"}],"about":[{"href":"https:\/\/www.caririemacao.com\/1\/wp-json\/wp\/v2\/types\/post"}],"author":[{"embeddable":true,"href":"https:\/\/www.caririemacao.com\/1\/wp-json\/wp\/v2\/users\/1"}],"replies":[{"embeddable":true,"href":"https:\/\/www.caririemacao.com\/1\/wp-json\/wp\/v2\/comments?post=73352"}],"version-history":[{"count":1,"href":"https:\/\/www.caririemacao.com\/1\/wp-json\/wp\/v2\/posts\/73352\/revisions"}],"predecessor-version":[{"id":73354,"href":"https:\/\/www.caririemacao.com\/1\/wp-json\/wp\/v2\/posts\/73352\/revisions\/73354"}],"wp:featuredmedia":[{"embeddable":true,"href":"https:\/\/www.caririemacao.com\/1\/wp-json\/wp\/v2\/media\/73353"}],"wp:attachment":[{"href":"https:\/\/www.caririemacao.com\/1\/wp-json\/wp\/v2\/media?parent=73352"}],"wp:term":[{"taxonomy":"category","embeddable":true,"href":"https:\/\/www.caririemacao.com\/1\/wp-json\/wp\/v2\/categories?post=73352"},{"taxonomy":"post_tag","embeddable":true,"href":"https:\/\/www.caririemacao.com\/1\/wp-json\/wp\/v2\/tags?post=73352"}],"curies":[{"name":"wp","href":"https:\/\/api.w.org\/{rel}","templated":true}]}}