{"id":73366,"date":"2018-11-17T17:46:38","date_gmt":"2018-11-17T20:46:38","guid":{"rendered":"http:\/\/www.caririemacao.com\/1\/?p=73366"},"modified":"2018-11-17T17:46:38","modified_gmt":"2018-11-17T20:46:38","slug":"video-prefeito-da-pb-participa-de-batizado-de-cachorro-e-viraliza-na-web","status":"publish","type":"post","link":"https:\/\/www.caririemacao.com\/1\/2018\/11\/17\/video-prefeito-da-pb-participa-de-batizado-de-cachorro-e-viraliza-na-web\/","title":{"rendered":"V\u00cdDEO &#8211; Prefeito da PB participa de batizado de cachorro e viraliza na web"},"content":{"rendered":"<div class=\"space-20\"><\/div>\n<div class=\"conteudo-noticia\">\n<p>Um fato inusitado est\u00e1 viralizando na internet neste s\u00e1bado (17). \u00c9 que o prefeito da cidade de Mogeiro, Alberto Ferreira participou do batizado de uma cachorro na cidade.<\/p>\n<div class=\"green-area t-left t-cont text-center\">\n<div class=\"anuncio\">\n<div id=\"div-gpt-ad-1493386374551-0\" data-google-query-id=\"CNSr-Jyl3N4CFdBjwQodvPEJfg\">\n<div id=\"google_ads_iframe_\/21685702823\/New_Sec_Conteudo_0__container__\">N\u00e3o bastasse a participa\u00e7\u00e3o do chefe do executivo municipal no evento, ele ainda fez quest\u00e3o de discursar, declarando que esperava que o animalzinho tivesse muitos outros anos de vida.<\/div>\n<\/div>\n<\/div>\n<\/div>\n<p>\u201cEm nome da minha trajet\u00f3ria pol\u00edtica quero agradecer a presen\u00e7a de todos. Esse \u00e9 um momento hist\u00f3rico no munic\u00edpio e pra mim tamb\u00e9m, que \u00e9 o momento do batizado de um cachorro, que eletenha muitos anos pela frente\u201d declarou.<\/p>\n<p>Al\u00e9m do evento pitoresco, outro ponto chamou a aten\u00e7\u00e3o dos internautas, o nome do cachorro que n\u00e3o \u00e9 nada convencional para um canino: Igor.<\/p>\n<p>A festa contou ainda com m\u00fasica ao vivo.<\/p>\n<p>Confira:<\/p>\n<p><iframe data-src=\"https:\/\/www.youtube.com\/embed\/cBRNQitXMGs\" width=\"640\" height=\"360\" frameborder=\"0\" allowfullscreen=\"allowfullscreen\" data-mce-fragment=\"1\" src=\"data:image\/svg+xml;base64,PHN2ZyB3aWR0aD0iMSIgaGVpZ2h0PSIxIiB4bWxucz0iaHR0cDovL3d3dy53My5vcmcvMjAwMC9zdmciPjwvc3ZnPg==\" class=\"lazyload\" data-load-mode=\"1\"><\/iframe><\/p>\n<p><strong><em>PB Agora<\/em><\/strong><\/p>\n<\/div>\n","protected":false},"excerpt":{"rendered":"<p>Um fato inusitado est\u00e1 viralizando na internet neste s\u00e1bado (17). \u00c9 que o prefeito da cidade de Mogeiro, Alberto Ferreira participou do batizado de uma&hellip; <\/p>\n","protected":false},"author":1,"featured_media":73367,"comment_status":"closed","ping_status":"closed","sticky":false,"template":"","format":"standard","meta":{"sfsi_plus_gutenberg_text_before_share":"","sfsi_plus_gutenberg_show_text_before_share":"","sfsi_plus_gutenberg_icon_type":"","sfsi_plus_gutenberg_icon_alignemt":"","sfsi_plus_gutenburg_max_per_row":"","footnotes":""},"categories":[2],"tags":[],"class_list":["post-73366","post","type-post","status-publish","format-standard","has-post-thumbnail","hentry","category-geral"],"_links":{"self":[{"href":"https:\/\/www.caririemacao.com\/1\/wp-json\/wp\/v2\/posts\/73366","targetHints":{"allow":["GET"]}}],"collection":[{"href":"https:\/\/www.caririemacao.com\/1\/wp-json\/wp\/v2\/posts"}],"about":[{"href":"https:\/\/www.caririemacao.com\/1\/wp-json\/wp\/v2\/types\/post"}],"author":[{"embeddable":true,"href":"https:\/\/www.caririemacao.com\/1\/wp-json\/wp\/v2\/users\/1"}],"replies":[{"embeddable":true,"href":"https:\/\/www.caririemacao.com\/1\/wp-json\/wp\/v2\/comments?post=73366"}],"version-history":[{"count":1,"href":"https:\/\/www.caririemacao.com\/1\/wp-json\/wp\/v2\/posts\/73366\/revisions"}],"predecessor-version":[{"id":73368,"href":"https:\/\/www.caririemacao.com\/1\/wp-json\/wp\/v2\/posts\/73366\/revisions\/73368"}],"wp:featuredmedia":[{"embeddable":true,"href":"https:\/\/www.caririemacao.com\/1\/wp-json\/wp\/v2\/media\/73367"}],"wp:attachment":[{"href":"https:\/\/www.caririemacao.com\/1\/wp-json\/wp\/v2\/media?parent=73366"}],"wp:term":[{"taxonomy":"category","embeddable":true,"href":"https:\/\/www.caririemacao.com\/1\/wp-json\/wp\/v2\/categories?post=73366"},{"taxonomy":"post_tag","embeddable":true,"href":"https:\/\/www.caririemacao.com\/1\/wp-json\/wp\/v2\/tags?post=73366"}],"curies":[{"name":"wp","href":"https:\/\/api.w.org\/{rel}","templated":true}]}}