{"id":73369,"date":"2018-11-17T17:50:45","date_gmt":"2018-11-17T20:50:45","guid":{"rendered":"http:\/\/www.caririemacao.com\/1\/?p=73369"},"modified":"2018-11-17T17:50:45","modified_gmt":"2018-11-17T20:50:45","slug":"eua-elogiam-postura-de-bolsonaro-na-questao-do-mais-medicos","status":"publish","type":"post","link":"https:\/\/www.caririemacao.com\/1\/2018\/11\/17\/eua-elogiam-postura-de-bolsonaro-na-questao-do-mais-medicos\/","title":{"rendered":"EUA elogiam postura de Bolsonaro na quest\u00e3o do Mais M\u00e9dicos"},"content":{"rendered":"<p>O Conselho de Seguran\u00e7a dos Estados Unidos elogiou o presidente eleito do Brasil, Jair Bolsonaro, por sua posi\u00e7\u00e3o em rela\u00e7\u00e3o aos profissionais cubanos no programa Mais M\u00e9dicos.<\/p>\n<div class=\"green-area t-left t-cont text-center\">\n<div class=\"anuncio\">\n<div id=\"div-gpt-ad-1493386374551-0\" data-google-query-id=\"CJ-R98-m3N4CFUpjwQodZZIA9g\">\n<div id=\"google_ads_iframe_\/21685702823\/New_Sec_Conteudo_0__container__\">\u201cElogiamos o presidente eleito do Brasil, @JairBolsonaro, por tomar posi\u00e7\u00e3o contra o regime cubano por violar os direitos humanos de seu povo, incluindo m\u00e9dicos enviados para o exterior em condi\u00e7\u00f5es desumanas\u201d, disse o conselho, em sua conta oficial no Twitter, na noite desta sexta-feira (16). A postagem tem uma vers\u00e3o em portugu\u00eas e outra em ingl\u00eas.<\/div>\n<\/div>\n<\/div>\n<\/div>\n<p>O conselho \u00e9 um \u00f3rg\u00e3o ligado diretamente ao presidente americano com a responsabilidade de assessorar em quest\u00f5es de pol\u00edtica externa e seguran\u00e7a nacional.<\/p>\n<p>Tamb\u00e9m pelo Twitter, na quinta-feira, a secret\u00e1ria assistente do Departamento de Estado (o \u00f3rg\u00e3o de diplomacia dos Estados Unidos), Kimberly Breier, tamb\u00e9m elogiou Bolsonaro. \u201cQue bom ver o presidente eleito Bolsonaro insistir em que os m\u00e9dicos cubanos no Brasil recebam seu justo sal\u00e1rio em vez de deixar que Cuba leve a maior parte para os cofres do regime\u201d, escreveu Kimberly no Twitter.<\/p>\n<p>No \u00faltimo dia 14, o governo de Cuba informou que\u00a0deixar\u00e1 de fazer parte do programa\u00a0Mais M\u00e9dicos. A justificativa do Minist\u00e9rio da Sa\u00fade cubano \u00e9 que as exig\u00eancias feitas pelo governo eleito s\u00e3o \u201cinaceit\u00e1veis\u201d e \u201cviolam\u201d acordos anteriores. O presidente eleito Jair Bolsonaro disse, em sua conta do Twitter, que a perman\u00eancia dos cubanos est\u00e1 condicionada \u00e0 realiza\u00e7\u00e3o do Revalida pelos profissionais, Revalida \u00e9 o exame aplicado aos m\u00e9dicos que se formam no exterior e querem atuar no Brasil.<\/p>\n<p>\u201cCondicionamos \u00e0 continuidade do programa Mais M\u00e9dicos \u00e0 aplica\u00e7\u00e3o de teste de capacidade, sal\u00e1rio integral aos profissionais cubanos, hoje maior parte destinados \u00e0 ditadura, e \u00e0 liberdade para trazerem suas fam\u00edlias. Infelizmente, Cuba n\u00e3o aceitou&#8221;, disse o presidente eleito, na rede social, no dia 14. &#8220;Al\u00e9m de explorar seus cidad\u00e3os, ao n\u00e3o pagar integralmente os sal\u00e1rios dos profissionais, a ditadura cubana demonstra grande irresponsabilidade ao desconsiderar os impactos negativos na vida e na sa\u00fade dos brasileiros e na integridade dos cubanos&#8221;, publicou.<\/p>\n<p>O programa foi criado em 2013, na gest\u00e3o da presidente Dilma Rousseff, para levar m\u00e9dicos a regi\u00f5es distantes e periferias do pa\u00eds. A vinda dos m\u00e9dicos cubanos foi acertada em conv\u00eanio firmado entre os governos do Brasil e de Cuba, por meio da Organiza\u00e7\u00e3o Pan-Americana da Sa\u00fade (Opas), e que dispensava a valida\u00e7\u00e3o do diploma dos profissionais.<\/p>\n<p><strong><em>&#8220;Gra\u00e7as a Deus&#8221;<\/em><\/strong><\/p>\n<p>O presidente eleito Jair Bolsonaro (PSL) publicou hoje (17) em sua p\u00e1gina no Twitter que no Brasil \u201cgra\u00e7as a Deus temos internet para ter informa\u00e7\u00e3o e desenvolvimento\u201d. A mensagem foi uma resposta ao governo de Cuba, que decidiu, na \u00faltima quarta-feira (14), retirar seus profissionais do Programa Mais M\u00e9dicos, do governo federal. Em Cuba, o acesso \u00e0 internet \u00e9 limitado.<\/p>\n<p>O governo cubano alegou que as declara\u00e7\u00f5es feitas por Bolsonaro sobre a continuidade do programa foram \u201camea\u00e7adoras e depreciativas\u201d. O presidente eleito exigiu que os profissionais cubanos fizessem o Exame Nacional de Revalida\u00e7\u00e3o de Diplomas M\u00e9dicos (Revalida) para continuar no programa. O Revalida \u00e9 um exame realizado anualmente para validar diplomas expedidos por universidades estrangeiras para m\u00e9dicos que precisam exercer a profiss\u00e3o no Brasil.<\/p>\n<p>A segunda etapa do Revalida 2017 ser\u00e1 realizada hoje (17) e amanh\u00e3 (18), em Bras\u00edlia, Curitiba, S\u00e3o Lu\u00eds, Manaus e Belo Horizonte.<\/p>\n<p><strong><em>Ag\u00eancia Brasil<\/em><\/strong><\/p>\n","protected":false},"excerpt":{"rendered":"<p>O Conselho de Seguran\u00e7a dos Estados Unidos elogiou o presidente eleito do Brasil, Jair Bolsonaro, por sua posi\u00e7\u00e3o em rela\u00e7\u00e3o aos profissionais cubanos no programa&hellip; <\/p>\n","protected":false},"author":1,"featured_media":28337,"comment_status":"closed","ping_status":"closed","sticky":false,"template":"","format":"standard","meta":{"sfsi_plus_gutenberg_text_before_share":"","sfsi_plus_gutenberg_show_text_before_share":"","sfsi_plus_gutenberg_icon_type":"","sfsi_plus_gutenberg_icon_alignemt":"","sfsi_plus_gutenburg_max_per_row":"","footnotes":""},"categories":[11],"tags":[],"class_list":["post-73369","post","type-post","status-publish","format-standard","has-post-thumbnail","hentry","category-politica"],"_links":{"self":[{"href":"https:\/\/www.caririemacao.com\/1\/wp-json\/wp\/v2\/posts\/73369","targetHints":{"allow":["GET"]}}],"collection":[{"href":"https:\/\/www.caririemacao.com\/1\/wp-json\/wp\/v2\/posts"}],"about":[{"href":"https:\/\/www.caririemacao.com\/1\/wp-json\/wp\/v2\/types\/post"}],"author":[{"embeddable":true,"href":"https:\/\/www.caririemacao.com\/1\/wp-json\/wp\/v2\/users\/1"}],"replies":[{"embeddable":true,"href":"https:\/\/www.caririemacao.com\/1\/wp-json\/wp\/v2\/comments?post=73369"}],"version-history":[{"count":1,"href":"https:\/\/www.caririemacao.com\/1\/wp-json\/wp\/v2\/posts\/73369\/revisions"}],"predecessor-version":[{"id":73370,"href":"https:\/\/www.caririemacao.com\/1\/wp-json\/wp\/v2\/posts\/73369\/revisions\/73370"}],"wp:featuredmedia":[{"embeddable":true,"href":"https:\/\/www.caririemacao.com\/1\/wp-json\/wp\/v2\/media\/28337"}],"wp:attachment":[{"href":"https:\/\/www.caririemacao.com\/1\/wp-json\/wp\/v2\/media?parent=73369"}],"wp:term":[{"taxonomy":"category","embeddable":true,"href":"https:\/\/www.caririemacao.com\/1\/wp-json\/wp\/v2\/categories?post=73369"},{"taxonomy":"post_tag","embeddable":true,"href":"https:\/\/www.caririemacao.com\/1\/wp-json\/wp\/v2\/tags?post=73369"}],"curies":[{"name":"wp","href":"https:\/\/api.w.org\/{rel}","templated":true}]}}