{"id":73371,"date":"2018-11-17T17:55:27","date_gmt":"2018-11-17T20:55:27","guid":{"rendered":"http:\/\/www.caririemacao.com\/1\/?p=73371"},"modified":"2018-11-17T17:55:27","modified_gmt":"2018-11-17T20:55:27","slug":"homem-morre-e-mulher-fica-ferida-apos-carro-cair-de-viaduto","status":"publish","type":"post","link":"https:\/\/www.caririemacao.com\/1\/2018\/11\/17\/homem-morre-e-mulher-fica-ferida-apos-carro-cair-de-viaduto\/","title":{"rendered":"Homem morre e mulher fica ferida ap\u00f3s carro cair de viaduto"},"content":{"rendered":"<p>Um homem morreu e uma mulher ficou ferida em um acidente na tarde deste s\u00e1bado (17) na Opera\u00e7\u00e3o Manzu\u00e1, na sa\u00edda para Natal. O ve\u00edculo em que o casal estava caiu do viaduto e ficou completamente destru\u00eddo. Ainda n\u00e3o h\u00e1 informa\u00e7\u00f5es sobre o que teria causado o acidente.<\/p>\n<p>De acordo com informa\u00e7\u00f5es do Corpo de Bombeiros, o ve\u00edculo sofreu capotamento e caiu do viaduto. N\u00e3o foram encontrados documentos de identifica\u00e7\u00e3o do motorista do ve\u00edculo, que morreu no local. A mulher que tamb\u00e9m estava no ve\u00edculo foi atendida pelo Servi\u00e7o de Atendimento M\u00f3vel de Urg\u00eancia (Samu) e encaminhada para o Hospital de Emerg\u00eancia e Trauma da capital. Ela foi identificada como St\u00e9fany Silva Cunha, de 26 anos e estava consciente quando foi resgatada.<\/p>\n<p>Inicialmente, o Corpo de Bombeiros informou que St\u00e9fany havia sido arremessada, mas depois afirmou que a v\u00edtima foi retirada de dentro do ve\u00edculo pelos resgatistas.<\/p>\n<p>Ainda segundo os oficiais, n\u00e3o foi encontrado qualquer documento de identifica\u00e7\u00e3o do homem.\u00a0 O ve\u00edculo de modelo Gol era locado e dentro havia apenas uma mala com cadeado no porta-malas.<\/p>\n<p><strong>MaisPB<\/strong><\/p>\n","protected":false},"excerpt":{"rendered":"<p>Um homem morreu e uma mulher ficou ferida em um acidente na tarde deste s\u00e1bado (17) na Opera\u00e7\u00e3o Manzu\u00e1, na sa\u00edda para Natal. O ve\u00edculo&hellip; <\/p>\n","protected":false},"author":1,"featured_media":53140,"comment_status":"closed","ping_status":"closed","sticky":false,"template":"","format":"standard","meta":{"sfsi_plus_gutenberg_text_before_share":"","sfsi_plus_gutenberg_show_text_before_share":"","sfsi_plus_gutenberg_icon_type":"","sfsi_plus_gutenberg_icon_alignemt":"","sfsi_plus_gutenburg_max_per_row":"","footnotes":""},"categories":[12],"tags":[],"class_list":["post-73371","post","type-post","status-publish","format-standard","has-post-thumbnail","hentry","category-policia"],"_links":{"self":[{"href":"https:\/\/www.caririemacao.com\/1\/wp-json\/wp\/v2\/posts\/73371","targetHints":{"allow":["GET"]}}],"collection":[{"href":"https:\/\/www.caririemacao.com\/1\/wp-json\/wp\/v2\/posts"}],"about":[{"href":"https:\/\/www.caririemacao.com\/1\/wp-json\/wp\/v2\/types\/post"}],"author":[{"embeddable":true,"href":"https:\/\/www.caririemacao.com\/1\/wp-json\/wp\/v2\/users\/1"}],"replies":[{"embeddable":true,"href":"https:\/\/www.caririemacao.com\/1\/wp-json\/wp\/v2\/comments?post=73371"}],"version-history":[{"count":1,"href":"https:\/\/www.caririemacao.com\/1\/wp-json\/wp\/v2\/posts\/73371\/revisions"}],"predecessor-version":[{"id":73372,"href":"https:\/\/www.caririemacao.com\/1\/wp-json\/wp\/v2\/posts\/73371\/revisions\/73372"}],"wp:featuredmedia":[{"embeddable":true,"href":"https:\/\/www.caririemacao.com\/1\/wp-json\/wp\/v2\/media\/53140"}],"wp:attachment":[{"href":"https:\/\/www.caririemacao.com\/1\/wp-json\/wp\/v2\/media?parent=73371"}],"wp:term":[{"taxonomy":"category","embeddable":true,"href":"https:\/\/www.caririemacao.com\/1\/wp-json\/wp\/v2\/categories?post=73371"},{"taxonomy":"post_tag","embeddable":true,"href":"https:\/\/www.caririemacao.com\/1\/wp-json\/wp\/v2\/tags?post=73371"}],"curies":[{"name":"wp","href":"https:\/\/api.w.org\/{rel}","templated":true}]}}