{"id":73373,"date":"2018-11-17T18:00:58","date_gmt":"2018-11-17T21:00:58","guid":{"rendered":"http:\/\/www.caririemacao.com\/1\/?p=73373"},"modified":"2018-11-17T18:00:58","modified_gmt":"2018-11-17T21:00:58","slug":"brasil-esta-preparado-para-substituir-medicos-cubanos-afirma-temer","status":"publish","type":"post","link":"https:\/\/www.caririemacao.com\/1\/2018\/11\/17\/brasil-esta-preparado-para-substituir-medicos-cubanos-afirma-temer\/","title":{"rendered":"Brasil est\u00e1 preparado para substituir m\u00e9dicos cubanos, afirma Temer"},"content":{"rendered":"<p>O presidente Michel Temer (MDB), afirmou neste s\u00e1bado (20), que o Brasil est\u00e1 preparado para substituir todos os profissionais cubanos que deixaram o pa\u00eds ap\u00f3s solicita\u00e7\u00e3o de retirada do seu governo. Temer afirmou que n\u00e3o existe deficit de m\u00e9dicos no pa\u00eds e que medidas imediatas j\u00e1 est\u00e3o sendo tomadas\u00a0 pelo Minist\u00e9rio da Sa\u00fade.<\/p>\n<p>\u201cEstamos preparados para, imediatamente, colocar\u00a0[substitutos] e n\u00e3o s\u00f3 fazer concursos. J\u00e1 falei com o ministro Gilberto Occhi com vistas \u00e0 contrata\u00e7\u00e3o de m\u00e9dicos para suprir a eventual falta dos m\u00e9dicos, falta dos m\u00e9dicos cubanos\u201d, afirmou.<\/p>\n<p>Na \u00faltima sexta-feira (16),\u00a0Gilberto Occhi j\u00e1 havia informado que publicaria, ainda neste m\u00eas, um edital para contratar profissionais brasileiros para preencher 8.332 vagas deixadas pelos cubanos. A expectativa do minist\u00e9rio \u00e9 que os m\u00e9dicos brasileiros selecionados na nova etapa comecem a trabalhar nos munic\u00edpios imediatamente ap\u00f3s a sele\u00e7\u00e3o, o que deve ocorrer ainda neste ano.<\/p>\n","protected":false},"excerpt":{"rendered":"<p>O presidente Michel Temer (MDB), afirmou neste s\u00e1bado (20), que o Brasil est\u00e1 preparado para substituir todos os profissionais cubanos que deixaram o pa\u00eds ap\u00f3s&hellip; <\/p>\n","protected":false},"author":1,"featured_media":40463,"comment_status":"closed","ping_status":"closed","sticky":false,"template":"","format":"standard","meta":{"sfsi_plus_gutenberg_text_before_share":"","sfsi_plus_gutenberg_show_text_before_share":"","sfsi_plus_gutenberg_icon_type":"","sfsi_plus_gutenberg_icon_alignemt":"","sfsi_plus_gutenburg_max_per_row":"","footnotes":""},"categories":[11],"tags":[],"class_list":["post-73373","post","type-post","status-publish","format-standard","has-post-thumbnail","hentry","category-politica"],"_links":{"self":[{"href":"https:\/\/www.caririemacao.com\/1\/wp-json\/wp\/v2\/posts\/73373","targetHints":{"allow":["GET"]}}],"collection":[{"href":"https:\/\/www.caririemacao.com\/1\/wp-json\/wp\/v2\/posts"}],"about":[{"href":"https:\/\/www.caririemacao.com\/1\/wp-json\/wp\/v2\/types\/post"}],"author":[{"embeddable":true,"href":"https:\/\/www.caririemacao.com\/1\/wp-json\/wp\/v2\/users\/1"}],"replies":[{"embeddable":true,"href":"https:\/\/www.caririemacao.com\/1\/wp-json\/wp\/v2\/comments?post=73373"}],"version-history":[{"count":1,"href":"https:\/\/www.caririemacao.com\/1\/wp-json\/wp\/v2\/posts\/73373\/revisions"}],"predecessor-version":[{"id":73374,"href":"https:\/\/www.caririemacao.com\/1\/wp-json\/wp\/v2\/posts\/73373\/revisions\/73374"}],"wp:featuredmedia":[{"embeddable":true,"href":"https:\/\/www.caririemacao.com\/1\/wp-json\/wp\/v2\/media\/40463"}],"wp:attachment":[{"href":"https:\/\/www.caririemacao.com\/1\/wp-json\/wp\/v2\/media?parent=73373"}],"wp:term":[{"taxonomy":"category","embeddable":true,"href":"https:\/\/www.caririemacao.com\/1\/wp-json\/wp\/v2\/categories?post=73373"},{"taxonomy":"post_tag","embeddable":true,"href":"https:\/\/www.caririemacao.com\/1\/wp-json\/wp\/v2\/tags?post=73373"}],"curies":[{"name":"wp","href":"https:\/\/api.w.org\/{rel}","templated":true}]}}