{"id":73375,"date":"2018-11-17T18:07:24","date_gmt":"2018-11-17T21:07:24","guid":{"rendered":"http:\/\/www.caririemacao.com\/1\/?p=73375"},"modified":"2018-11-17T18:07:24","modified_gmt":"2018-11-17T21:07:24","slug":"barbarie-idosa-de-106-anos-e-morta-a-pauladas-dentro-da-sua-propria-casa-veja-video","status":"publish","type":"post","link":"https:\/\/www.caririemacao.com\/1\/2018\/11\/17\/barbarie-idosa-de-106-anos-e-morta-a-pauladas-dentro-da-sua-propria-casa-veja-video\/","title":{"rendered":"BARB\u00c1RIE: idosa de 106 anos \u00e9 morta a pauladas dentro da sua pr\u00f3pria casa- VEJA V\u00cdDEO"},"content":{"rendered":"<p>Na madrugada deste s\u00e1bado (17), a idosa Ant\u00f4nia Concei\u00e7\u00e3o da Silva, de 106, conhecida como \u201cAnt\u00f4nia do Padre\u201d, foi assassinada a pauladas dentro de sua pr\u00f3pria resid\u00eancia na cidade de Feira Nova do Maranh\u00e3o, a 783 km de S\u00e3o Lu\u00eds. A casa foi invadida por assaltantes que entraram pelo telhado, for\u00e7ando uma das telhas de Brasilit.<\/p>\n<p>A idosa morava com um neto e tinha, durante o dia, a companhia de uma cuidadora.<\/p>\n<p>No momento do crime, acontecia uma seresta pr\u00f3ximo \u00e0 resid\u00eancia e, segundo testemunhas, ela estaria sozinha no momento da invas\u00e3o.<\/p>\n<p>Como a idosa era aposentada, talvez os assassinos estivesse \u00e0 procura de algum dinheiro. Eles a tiraram do sof\u00e1 em que estava dormindo e a agrediram covardemente at\u00e9 a morte.<\/p>\n<p>O corpo foi arrastado pela casa, que foi completamente revirada. A vasta quantidade de sangue leva a Pol\u00edcia Militar a crer em espancamento por pauladas, j\u00e1 que o rosto da v\u00edtima estava completamente desfigurado. Uma faca sem cabo e quebrada foi encontrada pela Pol\u00edcia Militar.<\/p>\n<p>Segundo relatos, ela foi encontrada j\u00e1 sem vida pelo neto que teria voltado mais cedo da seresta.<\/p>\n<p>A Pol\u00edcia Civil de Riach\u00e3o foi chamada para fazer a per\u00edcia do local. O comandante Jesus j\u00e1 est\u00e1 em campo \u00e0 procura de informa\u00e7\u00f5es e pistas que possam levar aos criminosos. A PM j\u00e1 tem alguns suspeitos em vista, ningu\u00e9m foi preso at\u00e9 o momento.<\/p>\n<p>O crime b\u00e1rbaro revoltou a popula\u00e7\u00e3o que pede justi\u00e7a.<\/p>\n<div><iframe data-src=\"https:\/\/www.youtube.com\/embed\/hz-LxSC4DmM?ecver=2\" width=\"643\" height=\"360\" frameborder=\"0\" allowfullscreen=\"allowfullscreen\" data-mce-fragment=\"1\" src=\"data:image\/svg+xml;base64,PHN2ZyB3aWR0aD0iMSIgaGVpZ2h0PSIxIiB4bWxucz0iaHR0cDovL3d3dy53My5vcmcvMjAwMC9zdmciPjwvc3ZnPg==\" class=\"lazyload\" data-load-mode=\"1\"><\/iframe><\/div>\n<div><\/div>\n","protected":false},"excerpt":{"rendered":"<p>Na madrugada deste s\u00e1bado (17), a idosa Ant\u00f4nia Concei\u00e7\u00e3o da Silva, de 106, conhecida como \u201cAnt\u00f4nia do Padre\u201d, foi assassinada a pauladas dentro de sua&hellip; <\/p>\n","protected":false},"author":1,"featured_media":73376,"comment_status":"closed","ping_status":"closed","sticky":false,"template":"","format":"standard","meta":{"sfsi_plus_gutenberg_text_before_share":"","sfsi_plus_gutenberg_show_text_before_share":"","sfsi_plus_gutenberg_icon_type":"","sfsi_plus_gutenberg_icon_alignemt":"","sfsi_plus_gutenburg_max_per_row":"","footnotes":""},"categories":[12],"tags":[],"class_list":["post-73375","post","type-post","status-publish","format-standard","has-post-thumbnail","hentry","category-policia"],"_links":{"self":[{"href":"https:\/\/www.caririemacao.com\/1\/wp-json\/wp\/v2\/posts\/73375","targetHints":{"allow":["GET"]}}],"collection":[{"href":"https:\/\/www.caririemacao.com\/1\/wp-json\/wp\/v2\/posts"}],"about":[{"href":"https:\/\/www.caririemacao.com\/1\/wp-json\/wp\/v2\/types\/post"}],"author":[{"embeddable":true,"href":"https:\/\/www.caririemacao.com\/1\/wp-json\/wp\/v2\/users\/1"}],"replies":[{"embeddable":true,"href":"https:\/\/www.caririemacao.com\/1\/wp-json\/wp\/v2\/comments?post=73375"}],"version-history":[{"count":1,"href":"https:\/\/www.caririemacao.com\/1\/wp-json\/wp\/v2\/posts\/73375\/revisions"}],"predecessor-version":[{"id":73377,"href":"https:\/\/www.caririemacao.com\/1\/wp-json\/wp\/v2\/posts\/73375\/revisions\/73377"}],"wp:featuredmedia":[{"embeddable":true,"href":"https:\/\/www.caririemacao.com\/1\/wp-json\/wp\/v2\/media\/73376"}],"wp:attachment":[{"href":"https:\/\/www.caririemacao.com\/1\/wp-json\/wp\/v2\/media?parent=73375"}],"wp:term":[{"taxonomy":"category","embeddable":true,"href":"https:\/\/www.caririemacao.com\/1\/wp-json\/wp\/v2\/categories?post=73375"},{"taxonomy":"post_tag","embeddable":true,"href":"https:\/\/www.caririemacao.com\/1\/wp-json\/wp\/v2\/tags?post=73375"}],"curies":[{"name":"wp","href":"https:\/\/api.w.org\/{rel}","templated":true}]}}