{"id":73378,"date":"2018-11-17T18:18:24","date_gmt":"2018-11-17T21:18:24","guid":{"rendered":"http:\/\/www.caririemacao.com\/1\/?p=73378"},"modified":"2018-11-17T18:18:25","modified_gmt":"2018-11-17T21:18:25","slug":"pesquisa-estima-aumento-de-15-nas-vendas-na-black-friday","status":"publish","type":"post","link":"https:\/\/www.caririemacao.com\/1\/2018\/11\/17\/pesquisa-estima-aumento-de-15-nas-vendas-na-black-friday\/","title":{"rendered":"Pesquisa estima aumento de 15% nas vendas na Black Friday"},"content":{"rendered":"<p>A Black Friday \u00e9 certamente um dos dias mais importantes para a economia e mercado varejista em todo o mundo. Neste ano, n\u00e3o ser\u00e1 diferente! O evento acontece no dia 23 de novembro, ocasi\u00e3o em que \u00e9 \u201ccelebrada\u201d a 4\u00aa sexta-feira do m\u00eas.<\/p>\n<div>A data conta com novidades, incont\u00e1veis formas de pagamento e, claro, a estrat\u00e9gia respons\u00e1vel por sua popularidade: descontos nos mais variados tipos de produtos e servi\u00e7os, em lojas f\u00edsicas ou virtuais.<\/div>\n<p>Gra\u00e7as \u00e0 r\u00e1pida dissemina\u00e7\u00e3o da ideia na \u00faltima d\u00e9cada, o Brasil j\u00e1 \u00e9 um dos pa\u00edses aderentes ao evento. Segundo dados do E-bit, em 2018, a data promete um crescimento de 15% nas vendas e as categorias mais cobi\u00e7adas devem ser eletr\u00f4nicos (39%), inform\u00e1tica (24%), eletrodom\u00e9sticos (33%), moda (19%) e cosm\u00e9ticos (18%).<\/p>\n<p>Al\u00e9m do impacto significativo na economia, mercado sazonal e empregos informais, o consumo em alta escala gera perigos, dos mais diversos, que v\u00e3o de fraudes virtuais a acidentes vindos de superlota\u00e7\u00e3o de lojas f\u00edsicas.<\/p>\n<p><br clear=\"all\" \/>Noticias ao minuto<\/p>\n","protected":false},"excerpt":{"rendered":"<p>A Black Friday \u00e9 certamente um dos dias mais importantes para a economia e mercado varejista em todo o mundo. Neste ano, n\u00e3o ser\u00e1 diferente!&hellip; <\/p>\n","protected":false},"author":1,"featured_media":73379,"comment_status":"closed","ping_status":"closed","sticky":false,"template":"","format":"standard","meta":{"sfsi_plus_gutenberg_text_before_share":"","sfsi_plus_gutenberg_show_text_before_share":"","sfsi_plus_gutenberg_icon_type":"","sfsi_plus_gutenberg_icon_alignemt":"","sfsi_plus_gutenburg_max_per_row":"","footnotes":""},"categories":[50,2],"tags":[],"class_list":["post-73378","post","type-post","status-publish","format-standard","has-post-thumbnail","hentry","category-destaque","category-geral"],"_links":{"self":[{"href":"https:\/\/www.caririemacao.com\/1\/wp-json\/wp\/v2\/posts\/73378","targetHints":{"allow":["GET"]}}],"collection":[{"href":"https:\/\/www.caririemacao.com\/1\/wp-json\/wp\/v2\/posts"}],"about":[{"href":"https:\/\/www.caririemacao.com\/1\/wp-json\/wp\/v2\/types\/post"}],"author":[{"embeddable":true,"href":"https:\/\/www.caririemacao.com\/1\/wp-json\/wp\/v2\/users\/1"}],"replies":[{"embeddable":true,"href":"https:\/\/www.caririemacao.com\/1\/wp-json\/wp\/v2\/comments?post=73378"}],"version-history":[{"count":1,"href":"https:\/\/www.caririemacao.com\/1\/wp-json\/wp\/v2\/posts\/73378\/revisions"}],"predecessor-version":[{"id":73380,"href":"https:\/\/www.caririemacao.com\/1\/wp-json\/wp\/v2\/posts\/73378\/revisions\/73380"}],"wp:featuredmedia":[{"embeddable":true,"href":"https:\/\/www.caririemacao.com\/1\/wp-json\/wp\/v2\/media\/73379"}],"wp:attachment":[{"href":"https:\/\/www.caririemacao.com\/1\/wp-json\/wp\/v2\/media?parent=73378"}],"wp:term":[{"taxonomy":"category","embeddable":true,"href":"https:\/\/www.caririemacao.com\/1\/wp-json\/wp\/v2\/categories?post=73378"},{"taxonomy":"post_tag","embeddable":true,"href":"https:\/\/www.caririemacao.com\/1\/wp-json\/wp\/v2\/tags?post=73378"}],"curies":[{"name":"wp","href":"https:\/\/api.w.org\/{rel}","templated":true}]}}