{"id":73381,"date":"2018-11-17T18:23:29","date_gmt":"2018-11-17T21:23:29","guid":{"rendered":"http:\/\/www.caririemacao.com\/1\/?p=73381"},"modified":"2018-11-17T18:23:29","modified_gmt":"2018-11-17T21:23:29","slug":"medicos-formados-no-exterior-tentam-validar-diploma-no-brasil","status":"publish","type":"post","link":"https:\/\/www.caririemacao.com\/1\/2018\/11\/17\/medicos-formados-no-exterior-tentam-validar-diploma-no-brasil\/","title":{"rendered":"M\u00e9dicos formados no exterior tentam validar diploma no Brasil"},"content":{"rendered":"<p>A vontade de exercer a medicina no Brasil, depois de passar pela faculdade no exterior, movimenta\u00a0mais de 900 m\u00e9dicos na\u00a0segunda\u00a0etapa do Exame Nacional de Revalida\u00e7\u00e3o de Diplomas M\u00e9dicos Expedidos por Institui\u00e7\u00f5es de Educa\u00e7\u00e3o Superior Estrangeira (Revalida)\u00a0neste fim\u00a0de semana.<\/p>\n<p>A exig\u00eancia \u00e9 feita tanto para m\u00e9dicos brasileiros que estudaram medicina no exterior quanto para os estrangeiros que querem trabalhar no Brasil. Entre os candidatos que aguardavam o in\u00edcio das provas\u00a0em Bras\u00edlia, estava o cubano Pierre Oliveira*.<\/p>\n<p>Ele contou que abandonou o Mais M\u00e9dicos\u00a0h\u00e1 dois anos, por considerar injustas as condi\u00e7\u00f5es do programa. Casado h\u00e1 4 anos com uma brasileira e com dois filhos, Oliveira trabalhou em uma cidade do interior do Mato Grosso pelo programa. Ele contou que desde que deixou o Mais M\u00e9dicos tem se dedicado a estudar para o Revalida.<\/p>\n<p>O professor cubano Juan Martin* aguardava a filha na sa\u00edda do local de provas.\u00a0A filha, de 26 anos, estudou medicina em Cuba. Ele considera uma forma de discrimina\u00e7\u00e3o exigir revalida\u00e7\u00e3o do diploma de cubanos para participar do Mais M\u00e9dicos.\u00a0\u201cCuba tem muito bons profissionais. Se n\u00e3o for exigida\u00a0a valida\u00e7\u00e3o do diploma dos m\u00e9dicos de todas as nacionalidades, \u00e9 uma grav\u00edssima discrimina\u00e7\u00e3o com os cubanos\u201d.<\/p>\n<div class=\"dnd-widget-wrapper context-cheio_8colunas type-image\">\n<div class=\"dnd-atom-rendered\"><!-- scald=126885:cheio_8colunas --><\/p>\n<figure class=\"mejs-fotoh-wrapper\"><img decoding=\"async\" class=\"img-responsive full full lazyload\" title=\"Fabio Rodrigues Pozzebom\/Ag\u00eancia Brasil\" data-src=\"http:\/\/imagens.ebc.com.br\/WhRKVdKHcu1Pmvjs7rcoaNI53b8=\/754x0\/smart\/http:\/\/agenciabrasil.ebc.com.br\/sites\/default\/files\/thumbnails\/image\/fpzzb_abr_17112018-5680.jpg?itok=FW9h5Swc\" alt=\"M\u00e9dicos estrangeiros e brasileiros que se graduaram em outro pa\u00eds, fazem a segunda etapa da edi\u00e7\u00e3o 2017 do Exame Nacional de Revalida\u00e7\u00e3o de Diplomas M\u00e9dicos Expedidos por Institui\u00e7\u00f5es de Educa\u00e7\u00e3o Superior Estrangeira (Revalida).\" src=\"data:image\/svg+xml;base64,PHN2ZyB3aWR0aD0iMSIgaGVpZ2h0PSIxIiB4bWxucz0iaHR0cDovL3d3dy53My5vcmcvMjAwMC9zdmciPjwvc3ZnPg==\" \/><\/figure>\n<p><!-- END scald=126885 --><\/div>\n<div class=\"dnd-caption-wrapper\">\n<div class=\"meta\"><!--copyright=126885-->M\u00e9dicos estrangeiros e brasileiros que se graduaram em outro pa\u00edses\u00a0fazem a segunda etapa da edi\u00e7\u00e3o 2017 do Revalida\u00a0&#8211; <strong>Fabio Rodrigues Pozzebom\/Ag\u00eancia Brasil<\/strong><!--END copyright=126885--><\/div>\n<\/div>\n<\/div>\n<p>&nbsp;<\/p>\n<p><strong>Exig\u00eancias<\/strong><\/p>\n<p>Martin informou\u00a0que chegou no Brasil h\u00e1 21 anos, tamb\u00e9m por meio de conv\u00eanio de trabalho. \u201cA situa\u00e7\u00e3o era pior que a do Mais M\u00e9dicos. Tinha de\u00a0entregar 75% para o governo cubano e os 25% restantes eram para pagar aluguel, comprar comida e enviar dinheiro para a fam\u00edlia\u201d, contou.<\/p>\n<p>Ap\u00f3s cinco anos distante da mulher\u00a0cubana, ele acabou se separando. \u201cN\u00e3o era permitido sair do pa\u00eds com a fam\u00edlia.\u201d\u00a0Martin se\u00a0casou\u00a0com uma brasileira e n\u00e3o voltou mais para\u00a0Cuba. Faz\u00a0apenas visitas espor\u00e1dicas ao pa\u00eds. \u201cA separa\u00e7\u00e3o da fam\u00edlia n\u00e3o \u00e9 certa, mas quem vem para o Brasil est\u00e1 ciente das condi\u00e7\u00f5es. Ningu\u00e9m vem obrigado. Os\u00a0m\u00e9dicos cubanos est\u00e3o em\u00a0cerca de\u00a066 pa\u00edses\u00a0em programas como o do Brasil e s\u00f3 o\u00a0presidente brasileiro\u00a0reclama\u201d, criticou.<\/p>\n<p>No \u00faltimo dia 14, o governo de Cuba informou que deixar\u00e1 de fazer parte do programa Mais M\u00e9dicos. A justificativa do Minist\u00e9rio da Sa\u00fade cubano \u00e9 que as exig\u00eancias feitas pelo governo eleito s\u00e3o \u201cinaceit\u00e1veis\u201d e \u201cviolam\u201d acordos anteriores. O presidente eleito Jair Bolsonaro disse, na sua conta do Twitter, que a perman\u00eancia dos cubanos est\u00e1 condicionada \u00e0 realiza\u00e7\u00e3o do Revalida pelos profissionais.<\/p>\n<p>\u201cCondicionamos a\u00a0continuidade do programa Mais M\u00e9dicos \u00e0\u00a0aplica\u00e7\u00e3o de teste de capacidade, sal\u00e1rio integral aos profissionais cubanos,\u00a0hoje\u00a0maior parte destinados \u00e0 ditadura, e a liberdade para trazerem suas fam\u00edlias. Infelizmente, Cuba n\u00e3o aceitou&#8221;, reafirmou\u00a0o presidente eleito em sua\u00a0rede social\u00a0no dia 14.<\/p>\n<p>&#8220;Al\u00e9m de explorar seus cidad\u00e3os ao n\u00e3o pagar integralmente os sal\u00e1rios dos profissionais, a ditadura cubana demonstra grande irresponsabilidade ao desconsiderar os impactos negativos na vida e na sa\u00fade dos brasileiros e na integridade dos cubanos&#8221;, publicou Bolsonaro.<\/p>\n<p><em>*Os entrevistados preferiram usar nomes fict\u00edcios.\u00a0<\/em><\/p>\n<p>&nbsp;<\/p>\n<p>Ag\u00eancia Brasil<\/p>\n","protected":false},"excerpt":{"rendered":"<p>A vontade de exercer a medicina no Brasil, depois de passar pela faculdade no exterior, movimenta\u00a0mais de 900 m\u00e9dicos na\u00a0segunda\u00a0etapa do Exame Nacional de Revalida\u00e7\u00e3o&hellip; <\/p>\n","protected":false},"author":1,"featured_media":10621,"comment_status":"closed","ping_status":"closed","sticky":false,"template":"","format":"standard","meta":{"sfsi_plus_gutenberg_text_before_share":"","sfsi_plus_gutenberg_show_text_before_share":"","sfsi_plus_gutenberg_icon_type":"","sfsi_plus_gutenberg_icon_alignemt":"","sfsi_plus_gutenburg_max_per_row":"","footnotes":""},"categories":[16],"tags":[],"class_list":["post-73381","post","type-post","status-publish","format-standard","has-post-thumbnail","hentry","category-saude"],"_links":{"self":[{"href":"https:\/\/www.caririemacao.com\/1\/wp-json\/wp\/v2\/posts\/73381","targetHints":{"allow":["GET"]}}],"collection":[{"href":"https:\/\/www.caririemacao.com\/1\/wp-json\/wp\/v2\/posts"}],"about":[{"href":"https:\/\/www.caririemacao.com\/1\/wp-json\/wp\/v2\/types\/post"}],"author":[{"embeddable":true,"href":"https:\/\/www.caririemacao.com\/1\/wp-json\/wp\/v2\/users\/1"}],"replies":[{"embeddable":true,"href":"https:\/\/www.caririemacao.com\/1\/wp-json\/wp\/v2\/comments?post=73381"}],"version-history":[{"count":1,"href":"https:\/\/www.caririemacao.com\/1\/wp-json\/wp\/v2\/posts\/73381\/revisions"}],"predecessor-version":[{"id":73382,"href":"https:\/\/www.caririemacao.com\/1\/wp-json\/wp\/v2\/posts\/73381\/revisions\/73382"}],"wp:featuredmedia":[{"embeddable":true,"href":"https:\/\/www.caririemacao.com\/1\/wp-json\/wp\/v2\/media\/10621"}],"wp:attachment":[{"href":"https:\/\/www.caririemacao.com\/1\/wp-json\/wp\/v2\/media?parent=73381"}],"wp:term":[{"taxonomy":"category","embeddable":true,"href":"https:\/\/www.caririemacao.com\/1\/wp-json\/wp\/v2\/categories?post=73381"},{"taxonomy":"post_tag","embeddable":true,"href":"https:\/\/www.caririemacao.com\/1\/wp-json\/wp\/v2\/tags?post=73381"}],"curies":[{"name":"wp","href":"https:\/\/api.w.org\/{rel}","templated":true}]}}