{"id":73422,"date":"2018-11-18T07:54:06","date_gmt":"2018-11-18T10:54:06","guid":{"rendered":"http:\/\/www.caririemacao.com\/1\/?p=73422"},"modified":"2018-11-18T07:54:06","modified_gmt":"2018-11-18T10:54:06","slug":"moto-e-encontrada-abandonada-as-margens-da-br-412-em-boa-vista","status":"publish","type":"post","link":"https:\/\/www.caririemacao.com\/1\/2018\/11\/18\/moto-e-encontrada-abandonada-as-margens-da-br-412-em-boa-vista\/","title":{"rendered":"Moto \u00e9 encontrada abandonada as margens da BR 412 em Boa Vista"},"content":{"rendered":"<p>Uma motocicleta\u00a0modelo Honda\/CG 125 FAN KS de placa\u00a0KGB \u2013 1535\/PE, ano 2010 e cor preta,\u00a0foi\u00a0 encontrada abandonada nas\u00a0imedia\u00e7\u00f5es da BR 412, na manh\u00e3 da \u00faltima sexta-feira (16).<\/p>\n<p>O motociclo estava em um matagal as\u00a0margens da rodovia e foi encontrada por\u00a0populares que passavam\u00a0 pelo local.\u00a0 A Pol\u00edcia Militar (PM) foi acionada e se\u00a0dirigiu at\u00e9 o local para realizar os\u00a0 procedimentos de praxe.<\/p>\n<p>A motocicleta deve ser conduzida at\u00e9 o\u00a0p\u00e1tio do destacamento da PM\u00a0boavistense e espera de que o\u00a0 propriet\u00e1rio possa ir recuper\u00e1-la. Segundo pesquisa na\u00a0Internet junto ao Detran de Pernambuco,\u00a0mas n\u00e3o havia registro de roubo ou furto\u00a0com rela\u00e7\u00e3o a essa motocicleta.<\/p>\n<p><em>Com Heleno Lima<\/em><\/p>\n","protected":false},"excerpt":{"rendered":"<p>Uma motocicleta\u00a0modelo Honda\/CG 125 FAN KS de placa\u00a0KGB \u2013 1535\/PE, ano 2010 e cor preta,\u00a0foi\u00a0 encontrada abandonada nas\u00a0imedia\u00e7\u00f5es da BR 412, na manh\u00e3 da \u00faltima&hellip; <\/p>\n","protected":false},"author":1,"featured_media":18430,"comment_status":"closed","ping_status":"closed","sticky":false,"template":"","format":"standard","meta":{"sfsi_plus_gutenberg_text_before_share":"","sfsi_plus_gutenberg_show_text_before_share":"","sfsi_plus_gutenberg_icon_type":"","sfsi_plus_gutenberg_icon_alignemt":"","sfsi_plus_gutenburg_max_per_row":"","footnotes":""},"categories":[12],"tags":[],"class_list":["post-73422","post","type-post","status-publish","format-standard","has-post-thumbnail","hentry","category-policia"],"_links":{"self":[{"href":"https:\/\/www.caririemacao.com\/1\/wp-json\/wp\/v2\/posts\/73422","targetHints":{"allow":["GET"]}}],"collection":[{"href":"https:\/\/www.caririemacao.com\/1\/wp-json\/wp\/v2\/posts"}],"about":[{"href":"https:\/\/www.caririemacao.com\/1\/wp-json\/wp\/v2\/types\/post"}],"author":[{"embeddable":true,"href":"https:\/\/www.caririemacao.com\/1\/wp-json\/wp\/v2\/users\/1"}],"replies":[{"embeddable":true,"href":"https:\/\/www.caririemacao.com\/1\/wp-json\/wp\/v2\/comments?post=73422"}],"version-history":[{"count":1,"href":"https:\/\/www.caririemacao.com\/1\/wp-json\/wp\/v2\/posts\/73422\/revisions"}],"predecessor-version":[{"id":73423,"href":"https:\/\/www.caririemacao.com\/1\/wp-json\/wp\/v2\/posts\/73422\/revisions\/73423"}],"wp:featuredmedia":[{"embeddable":true,"href":"https:\/\/www.caririemacao.com\/1\/wp-json\/wp\/v2\/media\/18430"}],"wp:attachment":[{"href":"https:\/\/www.caririemacao.com\/1\/wp-json\/wp\/v2\/media?parent=73422"}],"wp:term":[{"taxonomy":"category","embeddable":true,"href":"https:\/\/www.caririemacao.com\/1\/wp-json\/wp\/v2\/categories?post=73422"},{"taxonomy":"post_tag","embeddable":true,"href":"https:\/\/www.caririemacao.com\/1\/wp-json\/wp\/v2\/tags?post=73422"}],"curies":[{"name":"wp","href":"https:\/\/api.w.org\/{rel}","templated":true}]}}