{"id":73426,"date":"2018-11-18T09:18:11","date_gmt":"2018-11-18T12:18:11","guid":{"rendered":"http:\/\/www.caririemacao.com\/1\/?p=73426"},"modified":"2018-11-18T09:18:12","modified_gmt":"2018-11-18T12:18:12","slug":"vitoria-perde-em-casa-para-o-atletico-pr-e-se-complica-na-luta-contra-rebaixamento","status":"publish","type":"post","link":"https:\/\/www.caririemacao.com\/1\/2018\/11\/18\/vitoria-perde-em-casa-para-o-atletico-pr-e-se-complica-na-luta-contra-rebaixamento\/","title":{"rendered":"Vit\u00f3ria perde em casa para o Atl\u00e9tico-PR e se complica na luta contra rebaixamento"},"content":{"rendered":"<p>Vit\u00f3ria est\u00e1 cada vez mais perto do rebaixamento para a S\u00e9rie B do Campeonato Brasileiro. Neste s\u00e1bado, o time baiano recebeu o Atl\u00e9tico-PR no Barrad\u00e3o e n\u00e3o conseguiu reagir, perdendo por 2 a 1 diante de sua torcida e estacionando na 18\u00aa coloca\u00e7\u00e3o, com 36 pontos.<\/p>\n<div id=\"attachment_528088\" class=\"wp-caption aligncenter\"><img decoding=\"async\" class=\"wp-image-528088 size-full lazyload\" data-src=\"https:\/\/paraibaonline.com.br\/wp-content\/uploads\/2018\/11\/atletico-pr1811.jpg\" data-srcset=\"https:\/\/paraibaonline.com.br\/wp-content\/uploads\/2018\/11\/atletico-pr1811.jpg 1002w, https:\/\/paraibaonline.com.br\/wp-content\/uploads\/2018\/11\/atletico-pr1811-567x383.jpg 567w, https:\/\/paraibaonline.com.br\/wp-content\/uploads\/2018\/11\/atletico-pr1811-900x607.jpg 900w\" alt=\"Foto: Divulga\u00e7\u00e3o\" src=\"data:image\/svg+xml;base64,PHN2ZyB3aWR0aD0iMSIgaGVpZ2h0PSIxIiB4bWxucz0iaHR0cDovL3d3dy53My5vcmcvMjAwMC9zdmciPjwvc3ZnPg==\" \/><\/p>\n<p class=\"wp-caption-text\">Foto: Divulga\u00e7\u00e3o<\/p>\n<\/div>\n<p class=\"selectionShareable\">Os gols do Furac\u00e3o foram marcados por Ramon (contra) e Bruno Guimar\u00e3es. Neilton, de p\u00eanalti, descontou para os donos da casa.<\/p>\n<p class=\"selectionShareable\">Agora, o Vit\u00f3ria ter\u00e1 de torcer por um trope\u00e7o do Cear\u00e1 contra o Fluminense, na pr\u00f3xima segunda-feira, e da Chapecoense contra o Gr\u00eamio, neste domingo. Ambos os rivais diretos na luta contra o rebaixamento jogar\u00e3o fora de casa.<\/p>\n<p class=\"selectionShareable\">O Atl\u00e9tico-PR, por sua vez, conquistou sua primeira vit\u00f3ria fora de casa no Campeonato Brasileiro e entrou na zona de classifica\u00e7\u00e3o para a pr\u00e9-Libertadores, embora sua prioridade seja a Copa Sul-Americana, torneio em que est\u00e1 na semifinal e com grandes chances de decidir o t\u00edtulo.<\/p>\n<p>&nbsp;<\/p>\n<p>Gazeta Net<\/p>\n","protected":false},"excerpt":{"rendered":"<p>Vit\u00f3ria est\u00e1 cada vez mais perto do rebaixamento para a S\u00e9rie B do Campeonato Brasileiro. Neste s\u00e1bado, o time baiano recebeu o Atl\u00e9tico-PR no Barrad\u00e3o&hellip; <\/p>\n","protected":false},"author":1,"featured_media":73427,"comment_status":"closed","ping_status":"closed","sticky":false,"template":"","format":"standard","meta":{"sfsi_plus_gutenberg_text_before_share":"","sfsi_plus_gutenberg_show_text_before_share":"","sfsi_plus_gutenberg_icon_type":"","sfsi_plus_gutenberg_icon_alignemt":"","sfsi_plus_gutenburg_max_per_row":"","footnotes":""},"categories":[13],"tags":[],"class_list":["post-73426","post","type-post","status-publish","format-standard","has-post-thumbnail","hentry","category-esportes"],"_links":{"self":[{"href":"https:\/\/www.caririemacao.com\/1\/wp-json\/wp\/v2\/posts\/73426","targetHints":{"allow":["GET"]}}],"collection":[{"href":"https:\/\/www.caririemacao.com\/1\/wp-json\/wp\/v2\/posts"}],"about":[{"href":"https:\/\/www.caririemacao.com\/1\/wp-json\/wp\/v2\/types\/post"}],"author":[{"embeddable":true,"href":"https:\/\/www.caririemacao.com\/1\/wp-json\/wp\/v2\/users\/1"}],"replies":[{"embeddable":true,"href":"https:\/\/www.caririemacao.com\/1\/wp-json\/wp\/v2\/comments?post=73426"}],"version-history":[{"count":1,"href":"https:\/\/www.caririemacao.com\/1\/wp-json\/wp\/v2\/posts\/73426\/revisions"}],"predecessor-version":[{"id":73428,"href":"https:\/\/www.caririemacao.com\/1\/wp-json\/wp\/v2\/posts\/73426\/revisions\/73428"}],"wp:featuredmedia":[{"embeddable":true,"href":"https:\/\/www.caririemacao.com\/1\/wp-json\/wp\/v2\/media\/73427"}],"wp:attachment":[{"href":"https:\/\/www.caririemacao.com\/1\/wp-json\/wp\/v2\/media?parent=73426"}],"wp:term":[{"taxonomy":"category","embeddable":true,"href":"https:\/\/www.caririemacao.com\/1\/wp-json\/wp\/v2\/categories?post=73426"},{"taxonomy":"post_tag","embeddable":true,"href":"https:\/\/www.caririemacao.com\/1\/wp-json\/wp\/v2\/tags?post=73426"}],"curies":[{"name":"wp","href":"https:\/\/api.w.org\/{rel}","templated":true}]}}