{"id":73431,"date":"2018-11-18T09:27:57","date_gmt":"2018-11-18T12:27:57","guid":{"rendered":"http:\/\/www.caririemacao.com\/1\/?p=73431"},"modified":"2018-11-18T09:27:57","modified_gmt":"2018-11-18T12:27:57","slug":"estudante-paraibano-de-17-anos-morre-em-acidente-quando-ia-para-festa","status":"publish","type":"post","link":"https:\/\/www.caririemacao.com\/1\/2018\/11\/18\/estudante-paraibano-de-17-anos-morre-em-acidente-quando-ia-para-festa\/","title":{"rendered":"Estudante paraibano de 17 anos morre em acidente quando ia para festa"},"content":{"rendered":"<p>Um acidente nas proximidades da cidade de Brejinho, no estado de Pernambuco acabou com o falecimento do estudante Diogo Victor dos Santos Silva, de apenas 17 anos.<\/p>\n<div class=\"green-area t-left t-cont text-center\">\n<div class=\"anuncio\">\n<div id=\"div-gpt-ad-1493386374551-0\" data-google-query-id=\"CKL064n43d4CFQtVwQoddQwAog\">\n<div id=\"google_ads_iframe_\/21685702823\/New_Sec_Conteudo_0__container__\">Diogo era natural da cidade de Teixeira, no Sert\u00e3o paraibano e seguia com amigos para uma festa na cidade de Brejinho.<\/div>\n<\/div>\n<\/div>\n<\/div>\n<p>No caminho o motorista perdeu o controle do ve\u00edculo vindo a capotar v\u00e1rias vezes.<\/p>\n<p>Diogo foi a \u00fanica v\u00edtima fatal, os outros ocupantes do ve\u00edculo tiveram apenas ferimentos leves.<\/p>\n<p>&nbsp;<\/p>\n<p>Patos Online<\/p>\n","protected":false},"excerpt":{"rendered":"<p>Um acidente nas proximidades da cidade de Brejinho, no estado de Pernambuco acabou com o falecimento do estudante Diogo Victor dos Santos Silva, de apenas&hellip; <\/p>\n","protected":false},"author":1,"featured_media":73432,"comment_status":"closed","ping_status":"closed","sticky":false,"template":"","format":"standard","meta":{"sfsi_plus_gutenberg_text_before_share":"","sfsi_plus_gutenberg_show_text_before_share":"","sfsi_plus_gutenberg_icon_type":"","sfsi_plus_gutenberg_icon_alignemt":"","sfsi_plus_gutenburg_max_per_row":"","footnotes":""},"categories":[12],"tags":[],"class_list":["post-73431","post","type-post","status-publish","format-standard","has-post-thumbnail","hentry","category-policia"],"_links":{"self":[{"href":"https:\/\/www.caririemacao.com\/1\/wp-json\/wp\/v2\/posts\/73431","targetHints":{"allow":["GET"]}}],"collection":[{"href":"https:\/\/www.caririemacao.com\/1\/wp-json\/wp\/v2\/posts"}],"about":[{"href":"https:\/\/www.caririemacao.com\/1\/wp-json\/wp\/v2\/types\/post"}],"author":[{"embeddable":true,"href":"https:\/\/www.caririemacao.com\/1\/wp-json\/wp\/v2\/users\/1"}],"replies":[{"embeddable":true,"href":"https:\/\/www.caririemacao.com\/1\/wp-json\/wp\/v2\/comments?post=73431"}],"version-history":[{"count":1,"href":"https:\/\/www.caririemacao.com\/1\/wp-json\/wp\/v2\/posts\/73431\/revisions"}],"predecessor-version":[{"id":73433,"href":"https:\/\/www.caririemacao.com\/1\/wp-json\/wp\/v2\/posts\/73431\/revisions\/73433"}],"wp:featuredmedia":[{"embeddable":true,"href":"https:\/\/www.caririemacao.com\/1\/wp-json\/wp\/v2\/media\/73432"}],"wp:attachment":[{"href":"https:\/\/www.caririemacao.com\/1\/wp-json\/wp\/v2\/media?parent=73431"}],"wp:term":[{"taxonomy":"category","embeddable":true,"href":"https:\/\/www.caririemacao.com\/1\/wp-json\/wp\/v2\/categories?post=73431"},{"taxonomy":"post_tag","embeddable":true,"href":"https:\/\/www.caririemacao.com\/1\/wp-json\/wp\/v2\/tags?post=73431"}],"curies":[{"name":"wp","href":"https:\/\/api.w.org\/{rel}","templated":true}]}}