{"id":73436,"date":"2018-11-18T09:41:44","date_gmt":"2018-11-18T12:41:44","guid":{"rendered":"http:\/\/www.caririemacao.com\/1\/?p=73436"},"modified":"2018-11-18T09:41:44","modified_gmt":"2018-11-18T12:41:44","slug":"ricardo-58-anos-hoje-dos-movimentos-estudantis-ate-se-tornar-o-maior-lider-politico-da-paraiba-por-nonato-guedes","status":"publish","type":"post","link":"https:\/\/www.caririemacao.com\/1\/2018\/11\/18\/ricardo-58-anos-hoje-dos-movimentos-estudantis-ate-se-tornar-o-maior-lider-politico-da-paraiba-por-nonato-guedes\/","title":{"rendered":"RICARDO 58 ANOS HOJE: Dos movimentos estudantis at\u00e9 se tornar o maior l\u00edder pol\u00edtico da Para\u00edba \u2013 Por Nonato Guedes"},"content":{"rendered":"<p>O governador Ricardo Coutinho (PSB) completa, hoje, 58 anos de idade, a 43 dias da sua despedida do segundo mandato \u00e0 frente do Executivo da Para\u00edba e com perspectivas de continuar ocupando espa\u00e7os na conjuntura pol\u00edtica estadual e nacional.<\/p>\n<p>Nascido em Jo\u00e3o Pessoa, filho de pai agricultor, Coriolano Coutinho, e m\u00e3e costureira, Nat\u00e9rcia Vieira, Ricardo \u00e9 considerado \u201cum pol\u00edtico diferente\u201d no cen\u00e1rio local e uma revela\u00e7\u00e3o como administrador, tanto na prefeitura da Capital, que exerceu em dois mandatos, como no governo do Estado. Teve atua\u00e7\u00e3o destacada, tamb\u00e9m, nos mandatos de vereador e deputado estadual.<\/p>\n<div><span class=\"postTitle\">Ele foi, praticamente, a figura central da pol\u00edtica do Estado em uma d\u00e9cada, aliando-se a esquemas tradicionais, gravitando acima de nomes como Jos\u00e9 Maranh\u00e3o, C\u00e1ssio Cunha Lima e Luciano Cartaxo e resistindo a governos como o de Michel Temer, do MDB. No final do segundo mandato, protagonizou gestos surpreendentes como o de se reaproximar do Partido dos Trabalhadores, do qual saiu praticamente expulso nos anos 2000 quando tentou a indica\u00e7\u00e3o para candidato a prefeito da Capital e foi preterido. Teve apoio e guarida no PSB, onde se mant\u00e9m como principal l\u00edder no Estado e um dos principais l\u00edderes no Nordeste.<\/span><\/div>\n<p>Primeiro governador da era digital na Para\u00edba e tamb\u00e9m primeiro gestor de centro-esquerda a empalmar o comando do Pal\u00e1cio da Reden\u00e7\u00e3o, Ricardo desmontou e derrotou oligarquias pol\u00edticas, adotou pr\u00e1ticas inovadoras como administrador, a exemplo do Or\u00e7amento Democr\u00e1tico e procurou refor\u00e7ar seus la\u00e7os com movimentos sociais, onde se originou a sua trajet\u00f3ria.<\/p>\n<p>Pai de Henri, fruto do casamento com a jornalista P\u00e2mela B\u00f3rio, de quem se separou, Ricardo fez o antigo prim\u00e1rio no Instituto La Salle e o gin\u00e1sio no Col\u00e9gio Sete de Setembro, ambos em Jaguaribe. Parte do segundo grau ele fez na escola estadual Bairro dos Estados e o terceiro ano cient\u00edfico no Col\u00e9gio \u00c1guia. Em 1977, passou no vestibular da UFPB para o curso de Farm\u00e1cia.<\/p>\n<p>Era o per\u00edodo final da ditadura militar, em que reapareceram os movimentos estudantis, motivando o interesse de Ricardo pela pol\u00edtica. Ajudou na reabertura do Centro Acad\u00eamico de Farm\u00e1cia em 1980 e tornou-se, posteriormente, seu presidente.<\/p>\n<p>Uma vez formado em Farm\u00e1cia, conquistou, atrav\u00e9s do concurso p\u00fablico, uma vaga de farmac\u00eautico no Hospital Universit\u00e1rio de Jo\u00e3o Pessoa. Nesse per\u00edodo, passou a ter contato com a Associa\u00e7\u00e3o dos Funcion\u00e1rios da UFPB, embri\u00e3o do Sintesp=PB. Em1984, aos 24 anos, o Minist\u00e9rio da Educa\u00e7\u00e3o ofereceu um curso de especializa\u00e7\u00e3o para farmac\u00eauticos de hospitais universit\u00e1rios de todo o pa\u00eds. Havia apenas 25 vagas e a UFPB o escolheu.<\/p>\n<p>No mesmo ano, iniciou a especializa\u00e7\u00e3o no Rio de Janeiro. Ali, aproveitou o fato de o governador Leonel Brizola ter mandado liberar as catracas dos \u00f4nibus para que todos pudessem participar de um com\u00edcio pelas diretas-j\u00e1 na Candel\u00e1ria e foi junto.<\/p>\n<p>Naquele Estado come\u00e7ou a militar nos movimentos sindicais, participou intensamente das articula\u00e7\u00f5es para cria\u00e7\u00e3o da CUT e, retornando \u00e0 Para\u00edba, implantou a moderniza\u00e7\u00e3o da Farm\u00e1cia Hospitalar da UFPB. No movimento sindical, assumiu a presid\u00eancia do Sindicato dos Farmac\u00eauticos. Planejando congregar todas as categorias de sa\u00fade, fundou o SindSa\u00fade, em 1990.<\/p>\n<p>Nesse ano, foi dirigente da CUT na \u00e1rea de comunica\u00e7\u00e3o e candidato a deputado estadual pelo Partido dos Trabalhadores. N\u00e3o houve chance de vit\u00f3ria, mas a sua vota\u00e7\u00e3o foi surpreendente. Em 1992, ainda no PT, elegeu-se vereador em Jo\u00e3o Pessoa pela primeira vez, reeleito em 96. Em 98 candidatou-se a deputado estadual e foi o mais votado em Jo\u00e3o Pessoa.<\/p>\n<p>Na Assembleia, presidiu a Comiss\u00e3o de Sa\u00fade em dois mandatos. Sua vota\u00e7\u00e3o cresceu em 2002, quando obteve 47.912 sufr\u00e1gios. Em 2003, deixou o PT por diverg\u00eancias internas e ingressou no PSB, tornando-se presidente estadual. Em 2004, foi eleito prefeito de Jo\u00e3o Pessoa em primeiro turno, reeleito em 2008.<\/p>\n<p>Renunciou em 2010 para concorrer \u00e0s elei\u00e7\u00f5es de governador, da qual saiu consagrado no segundo turno, derrotando o senador Jos\u00e9 Maranh\u00e3o. Foi reeleito em 2014, derrotando C\u00e1ssio Cunha Lima. Chegou a ser cogitado para integrar chapa presidencial como candidato a vice. Optou por n\u00e3o disputar mandato este ano, apesar das press\u00f5es para concorrer ao Senado, e elegeu seu candidato a governador, Jo\u00e3o Azevedo, no primeiro turno.<\/p>\n<p>Foi, tamb\u00e9m, o principal art\u00edfice da campanha de Fernando Haddad, do PT, a presidente da Rep\u00fablica. Nos meios pol\u00edticos, especula-se que em 2020 Ricardo poder\u00e1 s candidatar a prefeito de Jo\u00e3o Pessoa mais uma vez. Ele apenas diz que o seu esquema ter\u00e1 candidatura forte. No discurso de posse, na primeira vez que assumiu o governo, foi enf\u00e1tico: \u201cO Povo, finalmente, chegou ao Poder na Para\u00edba\u201d.<\/p>\n<p>Nonato Guedes<\/p>\n<p><br clear=\"all\" \/><br clear=\"all\" \/><\/p>\n<p>Fonte: polemica para\u00edba<\/p>\n<p>Cr\u00e9ditos: nonato guedes<\/p>\n","protected":false},"excerpt":{"rendered":"<p>O governador Ricardo Coutinho (PSB) completa, hoje, 58 anos de idade, a 43 dias da sua despedida do segundo mandato \u00e0 frente do Executivo da&hellip; <\/p>\n","protected":false},"author":1,"featured_media":34880,"comment_status":"closed","ping_status":"closed","sticky":false,"template":"","format":"standard","meta":{"sfsi_plus_gutenberg_text_before_share":"","sfsi_plus_gutenberg_show_text_before_share":"","sfsi_plus_gutenberg_icon_type":"","sfsi_plus_gutenberg_icon_alignemt":"","sfsi_plus_gutenburg_max_per_row":"","footnotes":""},"categories":[11],"tags":[],"class_list":["post-73436","post","type-post","status-publish","format-standard","has-post-thumbnail","hentry","category-politica"],"_links":{"self":[{"href":"https:\/\/www.caririemacao.com\/1\/wp-json\/wp\/v2\/posts\/73436","targetHints":{"allow":["GET"]}}],"collection":[{"href":"https:\/\/www.caririemacao.com\/1\/wp-json\/wp\/v2\/posts"}],"about":[{"href":"https:\/\/www.caririemacao.com\/1\/wp-json\/wp\/v2\/types\/post"}],"author":[{"embeddable":true,"href":"https:\/\/www.caririemacao.com\/1\/wp-json\/wp\/v2\/users\/1"}],"replies":[{"embeddable":true,"href":"https:\/\/www.caririemacao.com\/1\/wp-json\/wp\/v2\/comments?post=73436"}],"version-history":[{"count":1,"href":"https:\/\/www.caririemacao.com\/1\/wp-json\/wp\/v2\/posts\/73436\/revisions"}],"predecessor-version":[{"id":73442,"href":"https:\/\/www.caririemacao.com\/1\/wp-json\/wp\/v2\/posts\/73436\/revisions\/73442"}],"wp:featuredmedia":[{"embeddable":true,"href":"https:\/\/www.caririemacao.com\/1\/wp-json\/wp\/v2\/media\/34880"}],"wp:attachment":[{"href":"https:\/\/www.caririemacao.com\/1\/wp-json\/wp\/v2\/media?parent=73436"}],"wp:term":[{"taxonomy":"category","embeddable":true,"href":"https:\/\/www.caririemacao.com\/1\/wp-json\/wp\/v2\/categories?post=73436"},{"taxonomy":"post_tag","embeddable":true,"href":"https:\/\/www.caririemacao.com\/1\/wp-json\/wp\/v2\/tags?post=73436"}],"curies":[{"name":"wp","href":"https:\/\/api.w.org\/{rel}","templated":true}]}}