{"id":73443,"date":"2018-11-18T09:47:35","date_gmt":"2018-11-18T12:47:35","guid":{"rendered":"http:\/\/www.caririemacao.com\/1\/?p=73443"},"modified":"2018-11-18T09:47:35","modified_gmt":"2018-11-18T12:47:35","slug":"tivemos-risco-de-golpe-general-villas-boas-admitiu-quase-perder-o-controle-para-uma-insurreicao-militar-por-paulo-carvalhosa","status":"publish","type":"post","link":"https:\/\/www.caririemacao.com\/1\/2018\/11\/18\/tivemos-risco-de-golpe-general-villas-boas-admitiu-quase-perder-o-controle-para-uma-insurreicao-militar-por-paulo-carvalhosa\/","title":{"rendered":"TIVEMOS RISCO DE GOLPE: General Villas Boas admitiu \u2018quase\u2019 perder o controle para uma \u2018insurrei\u00e7\u00e3o militar\u2019 \u2013 Por Paulo Carvalhosa"},"content":{"rendered":"<p>O Gal. Villas Boas, no domingo, 11, admitiu \u00e0 \u2018Folha de S\u00e3o Paulo\u2019 ter havido um momento em que quase perdeu o controle da situa\u00e7\u00e3o no ambiente militar, com poss\u00edvel quebra da hierarquia de comando, e insurrei\u00e7\u00e3o militar, \u00e0s v\u00e9speras do julgamento do Habeas Corpus impetrado a favor de Lula, junto ao STF, em abril deste ano.<\/p>\n<p>Disse Villas Boas: \u201cEu reconhe\u00e7o que houve um epis\u00f3dio em que n\u00f3s estivemos realmente no limite, que foi aquele tu\u00edte da v\u00e9spera da vota\u00e7\u00e3o no Supremo da quest\u00e3o do Lula. Ali, n\u00f3s conscientemente trabalhamos sabendo que est\u00e1vamos no limite. Mas sentimos que a coisa poderia fugir ao nosso controle se eu n\u00e3o me expressasse. Porque outras pessoas, militares da reserva e civis identificados conosco, estavam se pronunciando de maneira mais enf\u00e1tica (\u2026)\u201d.<\/p>\n<p>O que Villas Boas n\u00e3o disse foi que este epis\u00f3dio, de quase n\u00e3o controlar mais a situa\u00e7\u00e3o \u00e0 frente do comando militar, foi que, de fato, de novo, tudo quase saiu do limite e do controle na madrugada de 06 para 07 de setembro deste ano.<\/p>\n<p>Naquela madrugada alguns oficiais de alta patente, reunidos emergencialmente com o Gal. Villas Boas no Alto Comando das For\u00e7as Armadas, j\u00e1 haviam mobilizado e organizado as tropas para sa\u00edrem e tomarem Bras\u00edlia no dia da Independ\u00eancia, pois que o copo havia transbordado com o atentado a Bolsonaro, limitando-se eles a comunicarem a decis\u00e3o ao Comandante Geral.<\/p>\n<p>Este epis\u00f3dio, jamais desmentido, foi analisado por mim, neste espa\u00e7o, no artigo: \u201cO atentado e a baioneta\u201d, de 04 de outubro.<\/p>\n<p>Segui fonte militar respeit\u00e1vel \u00e0 ocasi\u00e3o para escrever o que escrevi no in\u00edcio de outubro de 2018, a qual me relatou o \u00e1spero e acalorado di\u00e1logo, se \u00e9 que se pode assim chamar a alterca\u00e7\u00e3o que se desenrolou na reuni\u00e3o de altos oficiais da ativa presentes na sala de comando.<\/p>\n<div><span class=\"postTitle\">\u00c0 ocasi\u00e3o ponderava-se que, independentemente do fato de Bolsonaro sobreviver ou n\u00e3o, em curso estava uma ampla manobra, dentro do STF para libertar Lula, e com isso, interferir no resultado eleitoral, ofuscando assim as aten\u00e7\u00f5es quanto ao atentado mal sucedido, escancarando as portas para o PT de Haddad ganhar as elei\u00e7\u00f5es, com Bolsonaro fora de combate.<\/span><\/div>\n<p>Apoiado por oficiais moderados, o Gal. Villas Boas, para conter os \u00e2nimos acirrad\u00edssimos, n\u00e3o somente do pessoal da ativa, mas sobretudo do pessoal do Clube Militar, ou seja, do oficialato da reserva, que formou v\u00e1rias turmas acad\u00eamicas militares, e que, por isso, tem eles grande ascens\u00e3o sobre a tropa, encontrou a solu\u00e7\u00e3o de colocar um general da reserva moderado, interlocutor, de grande prest\u00edgio entre os da ativa e da reserva, dia seguinte, no colo do ent\u00e3o empossado presidente do STF, Dias Toffoli.<\/p>\n<p>Toffoli, \u00e0quela altura, estava plenamente ciente que, caso houvesse resist\u00eancia, ou at\u00e9 mesmo acusa\u00e7\u00f5es p\u00fablicas de inger\u00eancia militar no STF, ele e os colegas sairiam de seus cargos, e de l\u00e1, qui\u00e7\u00e1 para onde, dia seguinte\u2026<\/p>\n<p>Dias Toffoli, cujo saber jur\u00eddico \u00e9 inversamente proporcional \u00e0 sua esperteza pol\u00edtica, acolheu e nomeou de \u201cbom grado\u201d o Gal. Fernando Azevedo e Silva como seu \u201cassessor especial\u201d, e de quebra, ainda disse \u00e0 imprensa e m\u00eddia que o 31 de mar\u00e7o de 1964 havia sido t\u00e3o somente um \u201cmovimento militar\u201d, baixando bem o tom do petismo revanchista.<\/p>\n<p>Um dos generais que seguraram no peito, com respeito, evidente, e muita l\u00e1bia, os colegas j\u00e1 dispostos a subirem nos tanques \u00e0 frente das tropas, foi o Gal. Heleno, que n\u00e3o somente apoiou a nomea\u00e7\u00e3o do Gal. Azevedo e Silva para \u201cassessorar\u201d o STF para os ministros e ministras n\u00e3o fazerem bobagens, precipitando assim a Interven\u00e7\u00e3o Militar, bem como, uma vez ciente da possibilidade de Bolsonaro sair vivo e bem do atentado engendrado e executado pelas esquerdas, sobretudo de parte do PSOL de Boulos, ajudar a coordenar a campanha de Bolsonaro que, uma vez vitoriosa, propiciaria o rearranjo das nomea\u00e7\u00f5es militares para cargos estrat\u00e9gicos do novo Brasil, nos minist\u00e9rios.<\/p>\n<div>\u00a0<span class=\"postTitle\">Assim, de n\u00e3o se surpreender que o moderado Gal. Augusto Heleno Ribeiro Pereira tenha preferido assumir o cargo de ministro da Seguran\u00e7a Nacional abrindo, de forma grata, a pasta da Defesa para o \u201cassessor especial de Toffoli\u201d no STF, Gal. Fernando Azevedo e Silva, o qual, ao que tudo indica, tem perfil semelhante, enquanto intelig\u00eancia superior, a um Golbery do Couto e Silva, general, especialista em geopol\u00edtica e um dos principais te\u00f3ricos da doutrina de seguran\u00e7a nacional na Escola Superior de Guerra, sendo ele um dos criadores do Servi\u00e7o Nacional de Informa\u00e7\u00f5es (SNI).<\/span><\/div>\n<p>De fato, o Gal. Heleno viu longe, e enquanto ele abria caminho, de forma diplom\u00e1tica, \u00e0 candidatura Bolsonaro, tanto fora (m\u00eddia), como dentro das For\u00e7as Armadas, costurando alian\u00e7as s\u00f3lidas com os oficiais, seus amigos de longa data, o Gal. Fernando Azevedo e Silva segurou o golpe urdido nos corredores e bastidores do STF, sempre determinado a manter a barafunda do \u201cstatus quo ante\u201d, pois que, pelo visto, se preparava para soltar Lula.<\/p>\n<p>O que se avizinha para o STF, nestes dias, n\u00e3o \u00e9 nada digno, pois que, ap\u00f3s incitar o Senado Federal a votar o aumento dos 16% nos sal\u00e1rios dos ministros, ora encontra resist\u00eancia dos ju\u00edzes em abrirem m\u00e3o dos penduricalhos que agregam valores aos seus sal\u00e1rios, praticamente dobrando-os, chagando ao Toffoli o recado que os ju\u00edzes preferem ficar sem os 16%, a terem de abrir m\u00e3o dos tantos \u201caux\u00edlios\u201d, para n\u00e3o perderem dinheiro\u2026<\/p>\n<p>De fato, acredito que Toffoli n\u00e3o homologar\u00e1 a decis\u00e3o do Senado quanto ao aumento dos vencimentos, por esta raz\u00e3o, e Temer, de certo, dever\u00e1 bem pesar para n\u00e3o vetar totalmente a aprova\u00e7\u00e3o do aumento, at\u00e9 porque, pelo art. 21 da Lei de Responsabilidade Fiscal, n\u00e3o se pode majorar despesas para a Uni\u00e3o quando restarem 180 dias para a instala\u00e7\u00e3o de um novo governo<\/p>\n<div><span class=\"postTitle\">Como o aumento foi votado ap\u00f3s este prazo, como tentativa dos senadores, especialmente do presidente do Senado, em agradar aos ministros, a m\u00f3 de receberem tratamento diferenciado quando tiverem, por exemplo, de homologar as suas eventuais dela\u00e7\u00f5es premiadas, ao que parece, tamb\u00e9m esta manobra, como gato na \u00e1gua, h\u00e1 de miar\u2026<\/span><\/div>\n<p><br clear=\"all\" \/><br clear=\"all\" \/><\/p>\n<p>Fonte: Facebook<\/p>\n<p>Cr\u00e9ditos: Paulo Emendabili Souza Barros de Carvalhosa<\/p>\n","protected":false},"excerpt":{"rendered":"<p>O Gal. Villas Boas, no domingo, 11, admitiu \u00e0 \u2018Folha de S\u00e3o Paulo\u2019 ter havido um momento em que quase perdeu o controle da situa\u00e7\u00e3o&hellip; <\/p>\n","protected":false},"author":1,"featured_media":73444,"comment_status":"closed","ping_status":"closed","sticky":false,"template":"","format":"standard","meta":{"sfsi_plus_gutenberg_text_before_share":"","sfsi_plus_gutenberg_show_text_before_share":"","sfsi_plus_gutenberg_icon_type":"","sfsi_plus_gutenberg_icon_alignemt":"","sfsi_plus_gutenburg_max_per_row":"","footnotes":""},"categories":[50,2],"tags":[],"class_list":["post-73443","post","type-post","status-publish","format-standard","has-post-thumbnail","hentry","category-destaque","category-geral"],"_links":{"self":[{"href":"https:\/\/www.caririemacao.com\/1\/wp-json\/wp\/v2\/posts\/73443","targetHints":{"allow":["GET"]}}],"collection":[{"href":"https:\/\/www.caririemacao.com\/1\/wp-json\/wp\/v2\/posts"}],"about":[{"href":"https:\/\/www.caririemacao.com\/1\/wp-json\/wp\/v2\/types\/post"}],"author":[{"embeddable":true,"href":"https:\/\/www.caririemacao.com\/1\/wp-json\/wp\/v2\/users\/1"}],"replies":[{"embeddable":true,"href":"https:\/\/www.caririemacao.com\/1\/wp-json\/wp\/v2\/comments?post=73443"}],"version-history":[{"count":1,"href":"https:\/\/www.caririemacao.com\/1\/wp-json\/wp\/v2\/posts\/73443\/revisions"}],"predecessor-version":[{"id":73445,"href":"https:\/\/www.caririemacao.com\/1\/wp-json\/wp\/v2\/posts\/73443\/revisions\/73445"}],"wp:featuredmedia":[{"embeddable":true,"href":"https:\/\/www.caririemacao.com\/1\/wp-json\/wp\/v2\/media\/73444"}],"wp:attachment":[{"href":"https:\/\/www.caririemacao.com\/1\/wp-json\/wp\/v2\/media?parent=73443"}],"wp:term":[{"taxonomy":"category","embeddable":true,"href":"https:\/\/www.caririemacao.com\/1\/wp-json\/wp\/v2\/categories?post=73443"},{"taxonomy":"post_tag","embeddable":true,"href":"https:\/\/www.caririemacao.com\/1\/wp-json\/wp\/v2\/tags?post=73443"}],"curies":[{"name":"wp","href":"https:\/\/api.w.org\/{rel}","templated":true}]}}