{"id":73450,"date":"2018-11-18T12:05:40","date_gmt":"2018-11-18T15:05:40","guid":{"rendered":"http:\/\/www.caririemacao.com\/1\/?p=73450"},"modified":"2018-11-18T12:05:40","modified_gmt":"2018-11-18T15:05:40","slug":"liberacao-de-cultivo-da-maconha-para-uso-medicinal-pode-ser-aprovada-esta-semana","status":"publish","type":"post","link":"https:\/\/www.caririemacao.com\/1\/2018\/11\/18\/liberacao-de-cultivo-da-maconha-para-uso-medicinal-pode-ser-aprovada-esta-semana\/","title":{"rendered":"Libera\u00e7\u00e3o de cultivo da maconha para uso medicinal pode ser aprovada esta semana"},"content":{"rendered":"<p>Comiss\u00e3o de Assuntos Sociais (CAS) dever\u00e1 analisar na quarta-feira (21), substitutivo da senadora Marta Suplicy (sem partido-SP) ao projeto que descriminaliza o cultivo da maconha para uso pessoal terap\u00eautico (PLS 514\/2017).<\/p>\n<p>O projeto foi apresentado pela Comiss\u00e3o de Direitos Humanos e Legisla\u00e7\u00e3o Participativa (CDH) e decorre de Ideia Legislativa proposta no portal e-Cidadania (SUG 25\/2017).<\/p>\n<div id=\"attachment_528156\" class=\"wp-caption aligncenter\"><img decoding=\"async\" class=\"wp-image-528156 size-full lazyload\" data-src=\"https:\/\/paraibaonline.com.br\/wp-content\/uploads\/2018\/11\/marta-suplicy1811.jpg\" data-srcset=\"https:\/\/paraibaonline.com.br\/wp-content\/uploads\/2018\/11\/marta-suplicy1811.jpg 860w, https:\/\/paraibaonline.com.br\/wp-content\/uploads\/2018\/11\/marta-suplicy1811-567x376.jpg 567w\" alt=\"Geraldo Magela\/Ag\u00eancia Senado\" src=\"data:image\/svg+xml;base64,PHN2ZyB3aWR0aD0iMSIgaGVpZ2h0PSIxIiB4bWxucz0iaHR0cDovL3d3dy53My5vcmcvMjAwMC9zdmciPjwvc3ZnPg==\" \/><\/p>\n<p class=\"wp-caption-text\">Foto: Geraldo Magela\/Ag\u00eancia Senado<\/p>\n<\/div>\n<p>Na CAS, Marta Suplicy (foto), presidente da comiss\u00e3o, relatou favoravelmente \u00e0 proposi\u00e7\u00e3o na forma de substitutivo que permite \u00e0 Uni\u00e3o liberar a importa\u00e7\u00e3o de plantas e sementes, o plantio, a cultura e a colheita da\u00a0<i>cannabis sativa<\/i>\u00a0exclusivamente para fins medicinais ou cient\u00edficos, em local e prazo pr\u00e9-determinados, mediante fiscaliza\u00e7\u00e3o.<\/p>\n<p>O substitutivo da senadora tamb\u00e9m altera a Lei de Drogas (Lei 11.343, de 2006) e passa a liberar o semeio, o cultivo e a colheita da\u00a0<i>cannabis,\u00a0<\/i>visando o uso pessoal terap\u00eautico, por associa\u00e7\u00f5es de pacientes ou familiares de pacientes que fazem o uso medicinal da subst\u00e2ncia, criadas especificamente com esta finalidade, em quantidade n\u00e3o mais que a suficiente ao tratamento segundo a prescri\u00e7\u00e3o m\u00e9dica.<\/p>\n<p>No relat\u00f3rio, Marta defende que o tema n\u00e3o pode ser relegado a uma discuss\u00e3o ideol\u00f3gica ou pol\u00edtica. \u201cMais que tudo, \u00e9 preciso que tenhamos empatia e nos coloquemos no lugar do outro. \u00c9 assim que defendemos a verdadeira ess\u00eancia do cuidado em sa\u00fade, que \u00e9 mitigar o sofrimento humano\u201d, aponta.<\/p>\n<p>No texto, a senadora cita pesquisas cient\u00edficas relacionadas aos benef\u00edcios da\u00a0<i>cannabis<\/i>\u00a0no tratamentos de muitas enfermidades, como autismo, epilepsia, Alzheimer, doen\u00e7a de Parkinson, nas dores cr\u00f4nicas e nas neuropatias. E refor\u00e7a que os tratamentos reduzem o sofrimento n\u00e3o s\u00f3 dos pacientes, mas tamb\u00e9m dos familiares.<\/p>\n<p>\u201cN\u00e3o h\u00e1 justificativa plaus\u00edvel para deixar a popula\u00e7\u00e3o brasileira alijada dos avan\u00e7os cient\u00edficos nesta \u00e1rea\u201d, acrescenta Marta Suplicy, reiterando que a identifica\u00e7\u00e3o dos canabinoides end\u00f3genos revolucionou a pesquisa sobre a\u00a0<i>cannabis<\/i>\u00a0e seus efeitos no organismo.<\/p>\n<p>Ainda segundo o relat\u00f3rio da senadora, \u201ca informa\u00e7\u00e3o obtida destes estudos deu apoio \u00e0 ideia de que o sistema canabinoide \u00e9 suscet\u00edvel \u00e0 manipula\u00e7\u00e3o farmacol\u00f3gica, assim como outros sistemas fisiol\u00f3gicos humanos. Isto levou \u00e0 descoberta de mol\u00e9culas canabinoides com utilidade terap\u00eautica. E desde ent\u00e3o, a import\u00e2ncia medicinal da\u00a0<i>cannabis<\/i>\u00a0tem sido reiteradamente demonstrada pela Ci\u00eancia\u201d.<\/p>\n<p>&nbsp;<\/p>\n<p>Ag\u00eancia Senado<\/p>\n","protected":false},"excerpt":{"rendered":"<p>Comiss\u00e3o de Assuntos Sociais (CAS) dever\u00e1 analisar na quarta-feira (21), substitutivo da senadora Marta Suplicy (sem partido-SP) ao projeto que descriminaliza o cultivo da maconha&hellip; <\/p>\n","protected":false},"author":1,"featured_media":73451,"comment_status":"closed","ping_status":"closed","sticky":false,"template":"","format":"standard","meta":{"sfsi_plus_gutenberg_text_before_share":"","sfsi_plus_gutenberg_show_text_before_share":"","sfsi_plus_gutenberg_icon_type":"","sfsi_plus_gutenberg_icon_alignemt":"","sfsi_plus_gutenburg_max_per_row":"","footnotes":""},"categories":[50,11],"tags":[],"class_list":["post-73450","post","type-post","status-publish","format-standard","has-post-thumbnail","hentry","category-destaque","category-politica"],"_links":{"self":[{"href":"https:\/\/www.caririemacao.com\/1\/wp-json\/wp\/v2\/posts\/73450","targetHints":{"allow":["GET"]}}],"collection":[{"href":"https:\/\/www.caririemacao.com\/1\/wp-json\/wp\/v2\/posts"}],"about":[{"href":"https:\/\/www.caririemacao.com\/1\/wp-json\/wp\/v2\/types\/post"}],"author":[{"embeddable":true,"href":"https:\/\/www.caririemacao.com\/1\/wp-json\/wp\/v2\/users\/1"}],"replies":[{"embeddable":true,"href":"https:\/\/www.caririemacao.com\/1\/wp-json\/wp\/v2\/comments?post=73450"}],"version-history":[{"count":1,"href":"https:\/\/www.caririemacao.com\/1\/wp-json\/wp\/v2\/posts\/73450\/revisions"}],"predecessor-version":[{"id":73452,"href":"https:\/\/www.caririemacao.com\/1\/wp-json\/wp\/v2\/posts\/73450\/revisions\/73452"}],"wp:featuredmedia":[{"embeddable":true,"href":"https:\/\/www.caririemacao.com\/1\/wp-json\/wp\/v2\/media\/73451"}],"wp:attachment":[{"href":"https:\/\/www.caririemacao.com\/1\/wp-json\/wp\/v2\/media?parent=73450"}],"wp:term":[{"taxonomy":"category","embeddable":true,"href":"https:\/\/www.caririemacao.com\/1\/wp-json\/wp\/v2\/categories?post=73450"},{"taxonomy":"post_tag","embeddable":true,"href":"https:\/\/www.caririemacao.com\/1\/wp-json\/wp\/v2\/tags?post=73450"}],"curies":[{"name":"wp","href":"https:\/\/api.w.org\/{rel}","templated":true}]}}