{"id":73453,"date":"2018-11-18T12:08:32","date_gmt":"2018-11-18T15:08:32","guid":{"rendered":"http:\/\/www.caririemacao.com\/1\/?p=73453"},"modified":"2018-11-18T12:08:32","modified_gmt":"2018-11-18T15:08:32","slug":"galo-derrota-o-bahia-em-bh-e-segue-rumo-a-libertadores","status":"publish","type":"post","link":"https:\/\/www.caririemacao.com\/1\/2018\/11\/18\/galo-derrota-o-bahia-em-bh-e-segue-rumo-a-libertadores\/","title":{"rendered":"Galo derrota o Bahia em BH e segue rumo \u00e0 Libertadores"},"content":{"rendered":"<p>os poucos, o t\u00e9cnico Levir Culpi vai dando sua cara ao Atl\u00e9tico-MG. Ainda \u00e9 um Galo estranho, \u00e0s vezes sem padr\u00e3o, em outras sem ra\u00e7a, mas, ainda assim, conseguiu mostrar sua for\u00e7a dentro de Minas Gerais. Na noite deste s\u00e1bado, o Galo venceu o Bahia, por 1 a 0, no Independ\u00eancia, e confirmou sua condi\u00e7\u00e3o como sexto colocado.<\/p>\n<p class=\"selectionShareable\">O Galo luta pela sexta coloca\u00e7\u00e3o. Ela d\u00e1 a \u00faltima vaga para a Copa Libertadores \u2013 torneio sonhado pelo Galo e planejado para boas contrata\u00e7\u00f5es.<\/p>\n<p class=\"selectionShareable\">Com a vit\u00f3ria do Atl\u00e9tico-PR, o triunfo mineiro nesta noite garantiu a perman\u00eancia no G6. Ainda \u00e9 preciso esperar ainda o Santos que joga contra o Am\u00e9rica-MG, no mesmo Independ\u00eancia.<\/p>\n<div id=\"attachment_528105\" class=\"wp-caption aligncenter\"><img decoding=\"async\" class=\"wp-image-528105 size-full lazyload\" data-src=\"https:\/\/paraibaonline.com.br\/wp-content\/uploads\/2018\/11\/bahia1811.jpg\" data-srcset=\"https:\/\/paraibaonline.com.br\/wp-content\/uploads\/2018\/11\/bahia1811.jpg 1024w, https:\/\/paraibaonline.com.br\/wp-content\/uploads\/2018\/11\/bahia1811-567x378.jpg 567w, https:\/\/paraibaonline.com.br\/wp-content\/uploads\/2018\/11\/bahia1811-900x600.jpg 900w\" alt=\"\" src=\"data:image\/svg+xml;base64,PHN2ZyB3aWR0aD0iMSIgaGVpZ2h0PSIxIiB4bWxucz0iaHR0cDovL3d3dy53My5vcmcvMjAwMC9zdmciPjwvc3ZnPg==\" \/><\/p>\n<p class=\"wp-caption-text\">Foto: Divulga\u00e7\u00e3o<\/p>\n<\/div>\n<p class=\"selectionShareable\">O Atl\u00e9tico foi um time melhor em campo em rela\u00e7\u00e3o aos jogos anteriores. Conseguiu ter intensidade, chegava ao ataque com mais atletas e defensivamente funcionava.<\/p>\n<p class=\"selectionShareable\">O Bahia viveu dois tempos diferentes: na etapa inicial s\u00f3 viu o advers\u00e1rio jogar e na complementar, com um homem a mais, atacou, mas n\u00e3o conseguiu.<\/p>\n<p>Na pr\u00f3xima rodada, o Galo viaja ao Rio Grande do Sul e enfrenta o Inter, na quarta-feira, no Beira Rio, \u00e0s 19h30 (de Bras\u00edlia). J\u00e1 o Bahia recebe o Fluminense, na Fonte Nova, na quinta-feira, \u00e0s 21h.<\/p>\n<p>&nbsp;<\/p>\n<p>Gazeta Net<\/p>\n","protected":false},"excerpt":{"rendered":"<p>os poucos, o t\u00e9cnico Levir Culpi vai dando sua cara ao Atl\u00e9tico-MG. Ainda \u00e9 um Galo estranho, \u00e0s vezes sem padr\u00e3o, em outras sem ra\u00e7a,&hellip; <\/p>\n","protected":false},"author":1,"featured_media":73454,"comment_status":"closed","ping_status":"closed","sticky":false,"template":"","format":"standard","meta":{"sfsi_plus_gutenberg_text_before_share":"","sfsi_plus_gutenberg_show_text_before_share":"","sfsi_plus_gutenberg_icon_type":"","sfsi_plus_gutenberg_icon_alignemt":"","sfsi_plus_gutenburg_max_per_row":"","footnotes":""},"categories":[13],"tags":[],"class_list":["post-73453","post","type-post","status-publish","format-standard","has-post-thumbnail","hentry","category-esportes"],"_links":{"self":[{"href":"https:\/\/www.caririemacao.com\/1\/wp-json\/wp\/v2\/posts\/73453","targetHints":{"allow":["GET"]}}],"collection":[{"href":"https:\/\/www.caririemacao.com\/1\/wp-json\/wp\/v2\/posts"}],"about":[{"href":"https:\/\/www.caririemacao.com\/1\/wp-json\/wp\/v2\/types\/post"}],"author":[{"embeddable":true,"href":"https:\/\/www.caririemacao.com\/1\/wp-json\/wp\/v2\/users\/1"}],"replies":[{"embeddable":true,"href":"https:\/\/www.caririemacao.com\/1\/wp-json\/wp\/v2\/comments?post=73453"}],"version-history":[{"count":1,"href":"https:\/\/www.caririemacao.com\/1\/wp-json\/wp\/v2\/posts\/73453\/revisions"}],"predecessor-version":[{"id":73455,"href":"https:\/\/www.caririemacao.com\/1\/wp-json\/wp\/v2\/posts\/73453\/revisions\/73455"}],"wp:featuredmedia":[{"embeddable":true,"href":"https:\/\/www.caririemacao.com\/1\/wp-json\/wp\/v2\/media\/73454"}],"wp:attachment":[{"href":"https:\/\/www.caririemacao.com\/1\/wp-json\/wp\/v2\/media?parent=73453"}],"wp:term":[{"taxonomy":"category","embeddable":true,"href":"https:\/\/www.caririemacao.com\/1\/wp-json\/wp\/v2\/categories?post=73453"},{"taxonomy":"post_tag","embeddable":true,"href":"https:\/\/www.caririemacao.com\/1\/wp-json\/wp\/v2\/tags?post=73453"}],"curies":[{"name":"wp","href":"https:\/\/api.w.org\/{rel}","templated":true}]}}